{"id":11831,"date":"2024-08-12T20:23:23","date_gmt":"2024-08-13T02:23:23","guid":{"rendered":"https:\/\/cronicadesoledad.com\/?p=11831"},"modified":"2024-08-12T20:23:23","modified_gmt":"2024-08-13T02:23:23","slug":"atendio-uavi-a-una-mujer-y-un-menor-de-edad","status":"publish","type":"post","link":"https:\/\/cronicadesoledad.com\/index.php\/2024\/08\/12\/atendio-uavi-a-una-mujer-y-un-menor-de-edad\/","title":{"rendered":"Atendi\u00f3 UAVI a una mujer y un menor de edad"},"content":{"rendered":"\n<p>Derivado de la atenci\u00f3n que se brind\u00f3 a un reporte ciudadano, personal de la Unidad de Atenci\u00f3n de Violencia Intrafamiliar (UAVI) incorporada a Seguridad P\u00fablica de Soledad de Graciano S\u00e1nchez pusieron a disposici\u00f3n de la Procuradur\u00eda de Protecci\u00f3n de Ni\u00f1as, Ni\u00f1os y Adolescentes (PPNNA) a un menor, y se brind\u00f3 apoyo a una mujer debido a que ambos estaban en una situaci\u00f3n de vulnerabilidad.<\/p>\n\n\n\n<p>En la comandancia central de la corporaci\u00f3n municipal se recibi\u00f3 una llamada en la que se inform\u00f3 que una mujer que aparentemente viv\u00eda en la calle, se encontraba con un menor en la cochera de un domicilio, el cual se ubica en la calle Rep\u00fablica de Panam\u00e1 por lo que se solicit\u00f3 la presencia de la autoridad.<\/p>\n\n\n\n<p>Tanto personal de UAVI como agentes municipales se presentaron en el lugar donde se ubic\u00f3 a la mujer con un menor cargado, y al dialogar con ella no pudo identificarse por lo que no se pudo establecer contacto con su familia, adem\u00e1s mostraba desorientaci\u00f3n y ansiedad, por lo que fueron llevado a la comandancia central para ser certificados por el M\u00e9dico legista, as\u00ed mismo el infante presentaba desnutrici\u00f3n, se\u00f1ales de no haber comido en varios d\u00edas y desatenci\u00f3n, por lo que se le &nbsp;notific\u00f3 a la autoridad correspondiente.<\/p>\n\n\n\n<p>Despu\u00e9s de ser atendidos y revisados por el m\u00e9dico en turno, la mujer fue vinculada con las autoridades correspondientes para recibir atenci\u00f3n y apoyo, mientras que el menor se qued\u00f3 bajo resguardo de PPNNA, donde se dar\u00e1 seguimiento al caso y determinar\u00e1n la situaci\u00f3n del ni\u00f1o y su mam\u00e1.<\/p>\n","protected":false},"excerpt":{"rendered":"<p>Derivado de la atenci\u00f3n que se brind\u00f3 a un reporte ciudadano, personal de la Unidad de Atenci\u00f3n de Violencia Intrafamiliar (UAVI) incorporada a Seguridad P\u00fablica de Soledad de Graciano S\u00e1nchez pusieron a disposici\u00f3n de la Procuradur\u00eda de Protecci\u00f3n de Ni\u00f1as, Ni\u00f1os y Adolescentes (PPNNA) a un menor, y se brind\u00f3 apoyo a una mujer debido [&hellip;]<\/p>\n","protected":false},"author":2,"featured_media":11832,"comment_status":"open","ping_status":"open","sticky":false,"template":"","format":"standard","meta":{"footnotes":""},"categories":[24,21],"tags":[1921,223,2591,501,294,261,27,2509],"class_list":{"0":"post-11831","1":"post","2":"type-post","3":"status-publish","4":"format-standard","5":"has-post-thumbnail","7":"category-informacion-general","8":"category-tu-soledad","9":"tag-atencion-2","10":"tag-ayuntamiento-soledense","11":"tag-menor-de-edad","12":"tag-mujer","13":"tag-san-luis","14":"tag-slp","15":"tag-soledad","16":"tag-uavi"},"_links":{"self":[{"href":"https:\/\/cronicadesoledad.com\/index.php\/wp-json\/wp\/v2\/posts\/11831","targetHints":{"allow":["GET"]}}],"collection":[{"href":"https:\/\/cronicadesoledad.com\/index.php\/wp-json\/wp\/v2\/posts"}],"about":[{"href":"https:\/\/cronicadesoledad.com\/index.php\/wp-json\/wp\/v2\/types\/post"}],"author":[{"embeddable":true,"href":"https:\/\/cronicadesoledad.com\/index.php\/wp-json\/wp\/v2\/users\/2"}],"replies":[{"embeddable":true,"href":"https:\/\/cronicadesoledad.com\/index.php\/wp-json\/wp\/v2\/comments?post=11831"}],"version-history":[{"count":1,"href":"https:\/\/cronicadesoledad.com\/index.php\/wp-json\/wp\/v2\/posts\/11831\/revisions"}],"predecessor-version":[{"id":11833,"href":"https:\/\/cronicadesoledad.com\/index.php\/wp-json\/wp\/v2\/posts\/11831\/revisions\/11833"}],"wp:featuredmedia":[{"embeddable":true,"href":"https:\/\/cronicadesoledad.com\/index.php\/wp-json\/wp\/v2\/media\/11832"}],"wp:attachment":[{"href":"https:\/\/cronicadesoledad.com\/index.php\/wp-json\/wp\/v2\/media?parent=11831"}],"wp:term":[{"taxonomy":"category","embeddable":true,"href":"https:\/\/cronicadesoledad.com\/index.php\/wp-json\/wp\/v2\/categories?post=11831"},{"taxonomy":"post_tag","embeddable":true,"href":"https:\/\/cronicadesoledad.com\/index.php\/wp-json\/wp\/v2\/tags?post=11831"}],"curies":[{"name":"wp","href":"https:\/\/api.w.org\/{rel}","templated":true}]}}