{"id":11843,"date":"2024-08-13T20:00:00","date_gmt":"2024-08-14T02:00:00","guid":{"rendered":"https:\/\/cronicadesoledad.com\/?p=11843"},"modified":"2024-08-13T18:42:47","modified_gmt":"2024-08-14T00:42:47","slug":"expone-soledad-su-riqueza-cultural-gastronomica-y-artesanal-en-la-fenapo","status":"publish","type":"post","link":"https:\/\/cronicadesoledad.com\/index.php\/2024\/08\/13\/expone-soledad-su-riqueza-cultural-gastronomica-y-artesanal-en-la-fenapo\/","title":{"rendered":"Expone Soledad su riqueza cultural, gastron\u00f3mica y artesanal en la Fenapo"},"content":{"rendered":"\n<p>La Alcaldesa Interina de Soledad de Graciano S\u00e1nchez, Araceli Mart\u00ednez P\u00e9rez encabez\u00f3 la inauguraci\u00f3n del stand del municipio en el Pabell\u00f3n Artesanal de la Feria Nacional Potosina (FENAPO) 2024; este evento, que representan a las y los de toda la regi\u00f3n, representa una valiosa plataforma para que las y los visitantes nacionales e internacionales se sumerjan en la rica cultura y tradici\u00f3n artesanal del municipio y Estado.<\/p>\n\n\n\n<p>Durante la ceremonia de apertura, la Alcaldesa Mart\u00ednez P\u00e9rez acompa\u00f1\u00f3 al Gobernador del Estado, Ricardo Gallardo Cardona, en la inauguraci\u00f3n oficial del Pabell\u00f3n Artesanal; juntos realizaron un recorrido por las diversas exhibiciones del talento y la creatividad de las y los artesanos potosinos, invitando a las y los asistentes a descubrir y apreciar las ra\u00edces culturales de San Luis Potos\u00ed.<\/p>\n\n\n\n<p>Mientras, el stand de Soledad en el Pabell\u00f3n Artesanal exhibe una selecci\u00f3n de productos que representan la esencia cultural del municipio; entre estos destacan el vino producido en la regi\u00f3n, las aut\u00e9nticas Enchiladas potosinas, reconocidas como Patrimonio Cultural Intangible del Estado de San Luis Potos\u00ed, y artesan\u00edas emblem\u00e1ticas como el tradicional reloj de sol soledense. Adem\u00e1s, se exponen libros de leyendas soledenses, carteras, bolsas, huaraches hechos a mano, y otros productos que reflejan la identidad y creatividad local.<\/p>\n\n\n\n<p>La edil municipal destac\u00f3 la importancia de la presencia de Soledad de Graciano S\u00e1nchez en esta muestra artesanal, e hizo un llamado a todas y todos los visitantes a explorar el stand del municipio, pues afirm\u00f3 que es una gran oportunidad para conocer de cerca los productos artesanales creados por talentosas manos soledenses y, sobre todo, para degustar la exquisita gastronom\u00eda que caracteriza este municipio.<\/p>\n\n\n\n<p>El stand de Soledad estar\u00e1 abierto desde las 12 del mediod\u00eda y hasta las 11 de la noche, con la variedad de art\u00edculos, con la oportunidad de que las y los visitantes los adquieran a precios accesibles.<\/p>\n\n\n\n<p>Con su participaci\u00f3n en este magno evento ferial, Soledad de Graciano S\u00e1nchez refuerza su compromiso a preservar y promover su patrimonio cultural, invitando a todas y todos los visitantes de la FENAPO 2024 a sumarse a esta celebraci\u00f3n de la artesan\u00eda y la cultura local.<\/p>\n","protected":false},"excerpt":{"rendered":"<p>La Alcaldesa Interina de Soledad de Graciano S\u00e1nchez, Araceli Mart\u00ednez P\u00e9rez encabez\u00f3 la inauguraci\u00f3n del stand del municipio en el Pabell\u00f3n Artesanal de la Feria Nacional Potosina (FENAPO) 2024; este evento, que representan a las y los de toda la regi\u00f3n, representa una valiosa plataforma para que las y los visitantes nacionales e internacionales se [&hellip;]<\/p>\n","protected":false},"author":2,"featured_media":11844,"comment_status":"open","ping_status":"open","sticky":false,"template":"","format":"standard","meta":{"footnotes":""},"categories":[1,24,21],"tags":[1122,223,90,2335,294,261,27],"class_list":{"0":"post-11843","1":"post","2":"type-post","3":"status-publish","4":"format-standard","5":"has-post-thumbnail","7":"category-destacadas","8":"category-informacion-general","9":"category-tu-soledad","10":"tag-1122","11":"tag-ayuntamiento-soledense","12":"tag-fenapo","13":"tag-fenapo-2024","14":"tag-san-luis","15":"tag-slp","16":"tag-soledad"},"_links":{"self":[{"href":"https:\/\/cronicadesoledad.com\/index.php\/wp-json\/wp\/v2\/posts\/11843","targetHints":{"allow":["GET"]}}],"collection":[{"href":"https:\/\/cronicadesoledad.com\/index.php\/wp-json\/wp\/v2\/posts"}],"about":[{"href":"https:\/\/cronicadesoledad.com\/index.php\/wp-json\/wp\/v2\/types\/post"}],"author":[{"embeddable":true,"href":"https:\/\/cronicadesoledad.com\/index.php\/wp-json\/wp\/v2\/users\/2"}],"replies":[{"embeddable":true,"href":"https:\/\/cronicadesoledad.com\/index.php\/wp-json\/wp\/v2\/comments?post=11843"}],"version-history":[{"count":1,"href":"https:\/\/cronicadesoledad.com\/index.php\/wp-json\/wp\/v2\/posts\/11843\/revisions"}],"predecessor-version":[{"id":11845,"href":"https:\/\/cronicadesoledad.com\/index.php\/wp-json\/wp\/v2\/posts\/11843\/revisions\/11845"}],"wp:featuredmedia":[{"embeddable":true,"href":"https:\/\/cronicadesoledad.com\/index.php\/wp-json\/wp\/v2\/media\/11844"}],"wp:attachment":[{"href":"https:\/\/cronicadesoledad.com\/index.php\/wp-json\/wp\/v2\/media?parent=11843"}],"wp:term":[{"taxonomy":"category","embeddable":true,"href":"https:\/\/cronicadesoledad.com\/index.php\/wp-json\/wp\/v2\/categories?post=11843"},{"taxonomy":"post_tag","embeddable":true,"href":"https:\/\/cronicadesoledad.com\/index.php\/wp-json\/wp\/v2\/tags?post=11843"}],"curies":[{"name":"wp","href":"https:\/\/api.w.org\/{rel}","templated":true}]}}