{"id":11860,"date":"2024-08-14T20:45:00","date_gmt":"2024-08-15T02:45:00","guid":{"rendered":"https:\/\/cronicadesoledad.com\/?p=11860"},"modified":"2024-08-14T20:15:33","modified_gmt":"2024-08-15T02:15:33","slug":"estudiantes-concluyen-curso-academico-y-de-atencion-psicopedagogica","status":"publish","type":"post","link":"https:\/\/cronicadesoledad.com\/index.php\/2024\/08\/14\/estudiantes-concluyen-curso-academico-y-de-atencion-psicopedagogica\/","title":{"rendered":"Estudiantes concluyen curso acad\u00e9mico y de atenci\u00f3n psicopedag\u00f3gica"},"content":{"rendered":"\n<p>En el Auditorio municipal, autoridades del Ayuntamiento de Soledad de Graciano S\u00e1nchez, a trav\u00e9s de la Direcci\u00f3n de Educaci\u00f3n y Acci\u00f3n C\u00edvica, llevaron a cabo la ceremonia de clausura del curso de nivelaci\u00f3n acad\u00e9mica y atenci\u00f3n psicopedag\u00f3gica a estudiantes de educaci\u00f3n b\u00e1sica, que tuvo como objetivo fortalecer sus necesidades educativas y socioemocionales y brindar apoyo integral ante la v\u00edspera del nuevo ciclo escolar 2024-2025.<\/p>\n\n\n\n<p>La Alcaldesa Interina, Araceli Mart\u00ednez P\u00e9rez, expres\u00f3 su reconocimiento por el trabajo realizado por la Direcci\u00f3n de Educaci\u00f3n, as\u00ed como a las y los padres de familia, &#8220;es fundamental reconocer la dedicaci\u00f3n del \u00e1rea de Educaci\u00f3n Municipal en la implementaci\u00f3n de este curso, nuestro objetivo es mitigar los efectos negativos de la pandemia y asegurar un aprendizaje efectivo para nuestros estudiantes; tambi\u00e9n agradezco a las y los padres por impulsar el bienestar educativo de sus hijos e hijas, y les invito a seguir apoy\u00e1ndolos y acerc\u00e1ndoles las oportunidades de desarrollo educativo&#8221;, puntualiz\u00f3.<\/p>\n\n\n\n<p>Hubo tambi\u00e9n entrega de constancias a las y los estudiantes que fueron parte del curso, al igual que reconocimientos a las y los profesores que brindaron sus conocimientos a la preparaci\u00f3n escolar. Fue una sinergia que abona al correcto aprendizaje de nuestra poblaci\u00f3n estudiantil, y facilitarles el camino a una formaci\u00f3n integral, mencion\u00f3 la edil.<\/p>\n\n\n\n<p>Durante su mensaje, Jos\u00e9 Juan Castro Castillo, director de Educaci\u00f3n Municipal, destac\u00f3 que el curso fue dise\u00f1ado para abordar las necesidades educativas y emocionales de las y los alumnos. &#8220;Nos enfocamos en reforzar aspectos fundamentales del desarrollo acad\u00e9mico y socioemocional de los estudiantes, en caso de ser necesario, derivamos a las y los alumnos a las dependencias de gobierno municipal y estatal para recibir apoyo psicol\u00f3gico, psiqui\u00e1trico o asesor\u00edas legales relacionadas con violencia intrafamiliar, entre otros&#8221;.<\/p>\n\n\n\n<p>El curso incluy\u00f3 entrevistas con madres y padres de familia y estudiantes para obtener informaci\u00f3n relevante sobre el desarrollo evolutivo, la din\u00e1mica familiar y el entorno escolar de las y los alumnos, este enfoque permiti\u00f3 adaptar las estrategias y terapias necesarias para mejorar el rendimiento escolar de las y los participantes.<\/p>\n\n\n\n<p>Miriam Elizabeth Rico Silva, responsable de las asesor\u00edas psicopedag\u00f3gicas, mencion\u00f3 que la pandemia y la posterior incorporaci\u00f3n paulatina a las escuelas revelaron dificultades en el aprendizaje de algunos estudiantes. &#8220;Detectamos bajos rendimientos y problemas severos en el aprendizaje, por lo que se implementaron estrategias interdisciplinarias para identificar las dificultades y evaluar las condiciones de cada estudiante&#8221;, coment\u00f3 la especialista.<\/p>\n\n\n\n<p>El evento tambi\u00e9n cont\u00f3 con la presencia del secretario General del Ayuntamiento, Benjam\u00edn P\u00e9rez \u00c1lvarez; la presidenta del Sistema Municipal para el Desarrollo Integral de la Familia (DIF), Mar\u00eda del Pilar Cardona Reyna; el Oficial Mayor, Alejandro Serrano Cort\u00e9s; y el Director de Seguridad P\u00fablica Municipal, Jorge Ram\u00edrez Leyva.<\/p>\n","protected":false},"excerpt":{"rendered":"<p>En el Auditorio municipal, autoridades del Ayuntamiento de Soledad de Graciano S\u00e1nchez, a trav\u00e9s de la Direcci\u00f3n de Educaci\u00f3n y Acci\u00f3n C\u00edvica, llevaron a cabo la ceremonia de clausura del curso de nivelaci\u00f3n acad\u00e9mica y atenci\u00f3n psicopedag\u00f3gica a estudiantes de educaci\u00f3n b\u00e1sica, que tuvo como objetivo fortalecer sus necesidades educativas y socioemocionales y brindar apoyo [&hellip;]<\/p>\n","protected":false},"author":2,"featured_media":11861,"comment_status":"open","ping_status":"open","sticky":false,"template":"","format":"standard","meta":{"footnotes":""},"categories":[24,21],"tags":[223,1869,294,261,27],"class_list":{"0":"post-11860","1":"post","2":"type-post","3":"status-publish","4":"format-standard","5":"has-post-thumbnail","7":"category-informacion-general","8":"category-tu-soledad","9":"tag-ayuntamiento-soledense","10":"tag-curso","11":"tag-san-luis","12":"tag-slp","13":"tag-soledad"},"_links":{"self":[{"href":"https:\/\/cronicadesoledad.com\/index.php\/wp-json\/wp\/v2\/posts\/11860","targetHints":{"allow":["GET"]}}],"collection":[{"href":"https:\/\/cronicadesoledad.com\/index.php\/wp-json\/wp\/v2\/posts"}],"about":[{"href":"https:\/\/cronicadesoledad.com\/index.php\/wp-json\/wp\/v2\/types\/post"}],"author":[{"embeddable":true,"href":"https:\/\/cronicadesoledad.com\/index.php\/wp-json\/wp\/v2\/users\/2"}],"replies":[{"embeddable":true,"href":"https:\/\/cronicadesoledad.com\/index.php\/wp-json\/wp\/v2\/comments?post=11860"}],"version-history":[{"count":1,"href":"https:\/\/cronicadesoledad.com\/index.php\/wp-json\/wp\/v2\/posts\/11860\/revisions"}],"predecessor-version":[{"id":11862,"href":"https:\/\/cronicadesoledad.com\/index.php\/wp-json\/wp\/v2\/posts\/11860\/revisions\/11862"}],"wp:featuredmedia":[{"embeddable":true,"href":"https:\/\/cronicadesoledad.com\/index.php\/wp-json\/wp\/v2\/media\/11861"}],"wp:attachment":[{"href":"https:\/\/cronicadesoledad.com\/index.php\/wp-json\/wp\/v2\/media?parent=11860"}],"wp:term":[{"taxonomy":"category","embeddable":true,"href":"https:\/\/cronicadesoledad.com\/index.php\/wp-json\/wp\/v2\/categories?post=11860"},{"taxonomy":"post_tag","embeddable":true,"href":"https:\/\/cronicadesoledad.com\/index.php\/wp-json\/wp\/v2\/tags?post=11860"}],"curies":[{"name":"wp","href":"https:\/\/api.w.org\/{rel}","templated":true}]}}