{"id":1187,"date":"2022-09-07T14:38:56","date_gmt":"2022-09-07T20:38:56","guid":{"rendered":"https:\/\/cronicadesoledad.com\/?p=1187"},"modified":"2022-09-07T14:38:58","modified_gmt":"2022-09-07T20:38:58","slug":"invitan-a-ser-parte-de-caravanas-de-salud","status":"publish","type":"post","link":"https:\/\/cronicadesoledad.com\/index.php\/2022\/09\/07\/invitan-a-ser-parte-de-caravanas-de-salud\/","title":{"rendered":"Invitan a ser parte de Caravanas de Salud"},"content":{"rendered":"\n<p>Soledad de Graciano S\u00e1nchez; SLP. \u2013 Con el fin de fomentar el cuidado de la salud de las y los ciudadanos, el Ayuntamiento de <a href=\"https:\/\/cronicadesoledad.com\/\" data-type=\"URL\" data-id=\"https:\/\/cronicadesoledad.com\/\">Soledad de Graciano S\u00e1nchez<\/a>, presidido por la alcaldesa, <a href=\"https:\/\/www.facebook.com\/profile.php?id=100058132987084\" data-type=\"URL\" data-id=\"https:\/\/www.facebook.com\/profile.php?id=100058132987084\">Leonor Noyola Cervantes<\/a>; invita a la ciudadan\u00eda para que se acerquen a las unidades m\u00e9dicas instaladas en la Plaza Principal del municipio, en las cuales, las y los asistentes podr\u00e1n recibir diferentes servicios que van desde una revisi\u00f3n m\u00e9dica general hasta estudios m\u00e1s especializados.<\/p>\n\n\n<div class=\"wp-block-image\">\n<figure class=\"alignleft size-full is-resized\"><img loading=\"lazy\" decoding=\"async\" src=\"https:\/\/cronicadesoledad.com\/wp-content\/uploads\/2022\/09\/IMG-20220907-WA0014.jpg\" alt=\"\" class=\"wp-image-1189\" width=\"337\" height=\"252\" srcset=\"https:\/\/cronicadesoledad.com\/wp-content\/uploads\/2022\/09\/IMG-20220907-WA0014.jpg 1024w, https:\/\/cronicadesoledad.com\/wp-content\/uploads\/2022\/09\/IMG-20220907-WA0014-300x225.jpg 300w, https:\/\/cronicadesoledad.com\/wp-content\/uploads\/2022\/09\/IMG-20220907-WA0014-768x576.jpg 768w, https:\/\/cronicadesoledad.com\/wp-content\/uploads\/2022\/09\/IMG-20220907-WA0014-696x522.jpg 696w\" sizes=\"auto, (max-width: 337px) 100vw, 337px\" \/><\/figure>\n<\/div>\n\n\n<p>Las y los interesados en recibir atenci\u00f3n m\u00e9dica gratuita en estas caravanas m\u00f3viles, deber\u00e1n de presentar una copia de alguna identificaci\u00f3n oficial (CURP o INE), para proceder al registro correspondiente; una vez realizado este paso, los pacientes ser\u00e1n canalizados a una consulta general para que el m\u00e9dico los refiera a los diferentes servicios que se ofrecen en estas unidades m\u00e9dicas m\u00f3viles.<\/p>\n\n\n\n<p>Algunos de los servicios que se ofrecen a las y los soledenses de forma gratuita son: an\u00e1lisis cl\u00ednicos; mastograf\u00edas; radiograf\u00edas de t\u00f3rax; servicios de salud dental; audiometr\u00eda; psicolog\u00eda; densitometr\u00eda; ultrasonidos; electrocardiogramas; pediculosis y farmacia.<\/p>\n\n\n<div class=\"wp-block-image\">\n<figure class=\"aligncenter size-full is-resized\"><img loading=\"lazy\" decoding=\"async\" src=\"https:\/\/cronicadesoledad.com\/wp-content\/uploads\/2022\/09\/IMG-20220907-WA0015.jpg\" alt=\"\" class=\"wp-image-1190\" width=\"336\" height=\"252\" srcset=\"https:\/\/cronicadesoledad.com\/wp-content\/uploads\/2022\/09\/IMG-20220907-WA0015.jpg 1024w, https:\/\/cronicadesoledad.com\/wp-content\/uploads\/2022\/09\/IMG-20220907-WA0015-300x225.jpg 300w, https:\/\/cronicadesoledad.com\/wp-content\/uploads\/2022\/09\/IMG-20220907-WA0015-768x576.jpg 768w, https:\/\/cronicadesoledad.com\/wp-content\/uploads\/2022\/09\/IMG-20220907-WA0015-696x522.jpg 696w\" sizes=\"auto, (max-width: 336px) 100vw, 336px\" \/><\/figure>\n<\/div>\n\n\n<p>Las personas que requieran de an\u00e1lisis qu\u00edmicos, deber\u00e1n de recoger los resultados de los mismos en el Centro de Salud que se les indique, as\u00ed como, en la fecha que se les proporcione.<\/p>\n\n\n\n<p>Diariamente, en estos consultorios m\u00e9dicos se atienden cerca de cien personas que reciben atenci\u00f3n m\u00e9dica general y entre 20 y 30 pacientes que requieren de un servicio m\u00e1s especializado como laboratorios cl\u00ednicos; rayos x; mastograf\u00edas; audiometr\u00edas; y atenci\u00f3n psicol\u00f3gica.<\/p>\n\n\n<div class=\"wp-block-image\">\n<figure class=\"alignright size-full is-resized\"><img loading=\"lazy\" decoding=\"async\" src=\"https:\/\/cronicadesoledad.com\/wp-content\/uploads\/2022\/09\/IMG-20220907-WA0016.jpg\" alt=\"\" class=\"wp-image-1191\" width=\"346\" height=\"258\" srcset=\"https:\/\/cronicadesoledad.com\/wp-content\/uploads\/2022\/09\/IMG-20220907-WA0016-300x225.jpg 300w, https:\/\/cronicadesoledad.com\/wp-content\/uploads\/2022\/09\/IMG-20220907-WA0016-485x360.jpg 485w\" sizes=\"auto, (max-width: 346px) 100vw, 346px\" \/><\/figure>\n<\/div>\n\n\n<p>En el caso de las mastograf\u00edas, se solicita como requisito que las mujeres sean mayores a 40 a\u00f1os y en caso de no ser as\u00ed, se les solicitar\u00e1 un ultrasonido de mama realizado previamente o bien que se hayan referenciado de alg\u00fan Centro de Salud. Por su parte, la atenci\u00f3n dental incluye limpieza, extracciones, y resinas.<\/p>\n\n\n\n<p>Las unidades m\u00f3viles se mantendr\u00e1n en el municipio de Soledad de Graciano S\u00e1nchez hasta el pr\u00f3ximo viernes 9 de septiembre y, posteriormente, se va a desplazar a otras zonas del estado.<\/p>\n\n\n\n<p>Se recuerda a la poblaci\u00f3n que el horario de atenci\u00f3n al p\u00fablico es de 7 de la ma\u00f1ana a 3 de la tarde y la invitaci\u00f3n est\u00e1 abierta no solo para pobladores de Soledad, sino tambi\u00e9n de otros municipios.<\/p>\n","protected":false},"excerpt":{"rendered":"<p>Con el fin de fomentar el cuidado de la salud de las y los ciudadanos, el Ayuntamiento de Soledad de Graciano S\u00e1nchez, presidido por la alcaldesa, Leonor Noyola Cervantes; invita a la ciudadan\u00eda para que se acerquen a las unidades m\u00e9dicas instaladas en la Plaza Principal del municipio, en las cuales, las y los asistentes podr\u00e1n recibir diferentes servicios que van desde una revisi\u00f3n m\u00e9dica general hasta estudios m\u00e1s especializados.<\/p>\n","protected":false},"author":1,"featured_media":1188,"comment_status":"open","ping_status":"open","sticky":false,"template":"","format":"standard","meta":{"footnotes":""},"categories":[21],"tags":[29,27],"class_list":{"0":"post-1187","1":"post","2":"type-post","3":"status-publish","4":"format-standard","5":"has-post-thumbnail","7":"category-tu-soledad","8":"tag-leonor-noyola","9":"tag-soledad"},"_links":{"self":[{"href":"https:\/\/cronicadesoledad.com\/index.php\/wp-json\/wp\/v2\/posts\/1187","targetHints":{"allow":["GET"]}}],"collection":[{"href":"https:\/\/cronicadesoledad.com\/index.php\/wp-json\/wp\/v2\/posts"}],"about":[{"href":"https:\/\/cronicadesoledad.com\/index.php\/wp-json\/wp\/v2\/types\/post"}],"author":[{"embeddable":true,"href":"https:\/\/cronicadesoledad.com\/index.php\/wp-json\/wp\/v2\/users\/1"}],"replies":[{"embeddable":true,"href":"https:\/\/cronicadesoledad.com\/index.php\/wp-json\/wp\/v2\/comments?post=1187"}],"version-history":[{"count":1,"href":"https:\/\/cronicadesoledad.com\/index.php\/wp-json\/wp\/v2\/posts\/1187\/revisions"}],"predecessor-version":[{"id":1192,"href":"https:\/\/cronicadesoledad.com\/index.php\/wp-json\/wp\/v2\/posts\/1187\/revisions\/1192"}],"wp:featuredmedia":[{"embeddable":true,"href":"https:\/\/cronicadesoledad.com\/index.php\/wp-json\/wp\/v2\/media\/1188"}],"wp:attachment":[{"href":"https:\/\/cronicadesoledad.com\/index.php\/wp-json\/wp\/v2\/media?parent=1187"}],"wp:term":[{"taxonomy":"category","embeddable":true,"href":"https:\/\/cronicadesoledad.com\/index.php\/wp-json\/wp\/v2\/categories?post=1187"},{"taxonomy":"post_tag","embeddable":true,"href":"https:\/\/cronicadesoledad.com\/index.php\/wp-json\/wp\/v2\/tags?post=1187"}],"curies":[{"name":"wp","href":"https:\/\/api.w.org\/{rel}","templated":true}]}}