{"id":11905,"date":"2024-08-16T19:38:44","date_gmt":"2024-08-17T01:38:44","guid":{"rendered":"https:\/\/cronicadesoledad.com\/?p=11905"},"modified":"2024-08-16T19:38:45","modified_gmt":"2024-08-17T01:38:45","slug":"excandidata-a-alcaldia-de-charcas-electa-presidenta-del-concejo","status":"publish","type":"post","link":"https:\/\/cronicadesoledad.com\/index.php\/2024\/08\/16\/excandidata-a-alcaldia-de-charcas-electa-presidenta-del-concejo\/","title":{"rendered":"Excandidata a alcald\u00eda de Charcas, electa presidenta del Concejo"},"content":{"rendered":"\n<p>En una sesi\u00f3n extraordinaria del Pleno del Congreso del Estado, Mar\u00eda Teresa de Jes\u00fas Rivera Acevedo fue elegida como la presidenta del Concejo Municipal de Villa de Pozos. Con 24 votos a favor, Rivera Acevedo liderar\u00e1 la administraci\u00f3n de los recursos del nuevo municipio durante el periodo del 1 de octubre de 2024 al 30 de septiembre de 2027.<\/p>\n\n\n\n<p>Rivera Acevedo cuenta con una trayectoria limitada en la funci\u00f3n p\u00fablica. En 2017, trabaj\u00f3 como inspectora de Comercio Municipal bajo la direcci\u00f3n de Dolores Eliza Garc\u00eda Rom\u00e1n, actual diputada local. En 2018, fue candidata del Partido de la Revoluci\u00f3n Democr\u00e1tica (PRD) a la presidencia municipal de Charcas. Entre 2021 y 2024, ocup\u00f3 varios cargos en la Secretar\u00eda de Desarrollo Social y Regional (Sedesore), incluyendo asesora municipal, apoyo log\u00edstico en programas alimentarios y directora de una cl\u00ednica rosa.<\/p>\n\n\n\n<p>Sus pasatiempos son; Leer, hacer ejercicio y escuchar m\u00fasica.<\/p>\n\n\n\n<p>Como metas tiene; crecer como persona, sacar adelante a sus hijos, as\u00ed como, tambi\u00e9n desempe\u00f1arse de la mejor manera en todos los aspectos de la vida, lograr todos sus objetivos.<\/p>\n\n\n\n<p>El proceso de selecci\u00f3n contin\u00faa con 28 rondas m\u00e1s de votaci\u00f3n para elegir al primer regidor, los dos s\u00edndicos municipales y sus respectivos suplentes. La sesi\u00f3n se prolongar\u00e1 hasta que se hayan seleccionado todos los cargos, requiriendo que cada candidato obtenga el respaldo de dos terceras partes de los diputados presentes.<\/p>\n\n\n\n<p>Se destac\u00f3 la necesidad de cumplir con el principio de paridad de g\u00e9nero, asegurando la representaci\u00f3n de ocho mujeres y siete hombres en los 15 cargos. Especial atenci\u00f3n se dar\u00e1 a la selecci\u00f3n de los s\u00edndicos municipales, quienes deber\u00e1n ser abogados con al menos tres a\u00f1os de experiencia.<\/p>\n\n\n\n<p>La elecci\u00f3n de Rivera Acevedo marca un paso significativo en la formaci\u00f3n del Concejo Municipal de Villa de Pozos, en un proceso que, aunque extenso, busca garantizar la representaci\u00f3n justa y la elecci\u00f3n de los perfiles m\u00e1s id\u00f3neos para los nuevos retos del municipio.<\/p>\n","protected":false},"excerpt":{"rendered":"<p>En una sesi\u00f3n extraordinaria del Pleno del Congreso del Estado, Mar\u00eda Teresa de Jes\u00fas Rivera Acevedo fue elegida como la presidenta del Concejo Municipal de Villa de Pozos. Con 24 votos a favor, Rivera Acevedo liderar\u00e1 la administraci\u00f3n de los recursos del nuevo municipio durante el periodo del 1 de octubre de 2024 al 30 [&hellip;]<\/p>\n","protected":false},"author":2,"featured_media":11906,"comment_status":"open","ping_status":"open","sticky":false,"template":"","format":"standard","meta":{"footnotes":""},"categories":[30,1,24],"tags":[294,261,1068],"class_list":{"0":"post-11905","1":"post","2":"type-post","3":"status-publish","4":"format-standard","5":"has-post-thumbnail","7":"category-de-la-region-centro","8":"category-destacadas","9":"category-informacion-general","10":"tag-san-luis","11":"tag-slp","12":"tag-villa-de-pozos"},"_links":{"self":[{"href":"https:\/\/cronicadesoledad.com\/index.php\/wp-json\/wp\/v2\/posts\/11905","targetHints":{"allow":["GET"]}}],"collection":[{"href":"https:\/\/cronicadesoledad.com\/index.php\/wp-json\/wp\/v2\/posts"}],"about":[{"href":"https:\/\/cronicadesoledad.com\/index.php\/wp-json\/wp\/v2\/types\/post"}],"author":[{"embeddable":true,"href":"https:\/\/cronicadesoledad.com\/index.php\/wp-json\/wp\/v2\/users\/2"}],"replies":[{"embeddable":true,"href":"https:\/\/cronicadesoledad.com\/index.php\/wp-json\/wp\/v2\/comments?post=11905"}],"version-history":[{"count":1,"href":"https:\/\/cronicadesoledad.com\/index.php\/wp-json\/wp\/v2\/posts\/11905\/revisions"}],"predecessor-version":[{"id":11907,"href":"https:\/\/cronicadesoledad.com\/index.php\/wp-json\/wp\/v2\/posts\/11905\/revisions\/11907"}],"wp:featuredmedia":[{"embeddable":true,"href":"https:\/\/cronicadesoledad.com\/index.php\/wp-json\/wp\/v2\/media\/11906"}],"wp:attachment":[{"href":"https:\/\/cronicadesoledad.com\/index.php\/wp-json\/wp\/v2\/media?parent=11905"}],"wp:term":[{"taxonomy":"category","embeddable":true,"href":"https:\/\/cronicadesoledad.com\/index.php\/wp-json\/wp\/v2\/categories?post=11905"},{"taxonomy":"post_tag","embeddable":true,"href":"https:\/\/cronicadesoledad.com\/index.php\/wp-json\/wp\/v2\/tags?post=11905"}],"curies":[{"name":"wp","href":"https:\/\/api.w.org\/{rel}","templated":true}]}}