{"id":11936,"date":"2024-08-20T21:13:45","date_gmt":"2024-08-21T03:13:45","guid":{"rendered":"https:\/\/cronicadesoledad.com\/?p=11936"},"modified":"2024-08-20T21:13:45","modified_gmt":"2024-08-21T03:13:45","slug":"garantizan-seguridad-en-el-dia-de-la-enchilada-en-la-fenapo","status":"publish","type":"post","link":"https:\/\/cronicadesoledad.com\/index.php\/2024\/08\/20\/garantizan-seguridad-en-el-dia-de-la-enchilada-en-la-fenapo\/","title":{"rendered":"Garantizan seguridad en el d\u00eda de la enchilada en la Fenapo"},"content":{"rendered":"\n<p>En un esfuerzo por garantizar que la participaci\u00f3n del municipio de Soledad de Graciano S\u00e1nchez en la Feria Nacional Potosina (FENAPO), con \u201cEl D\u00eda de la Enchilada Soledense\u201d, sea todo un \u00e9xito, la Alcaldesa Interina, Araceli Mart\u00ednez P\u00e9rez, acompa\u00f1ada por el secretario General del Ayuntamiento, Benjam\u00edn P\u00e9rez \u00c1lvarez; la contralora interna, Mariana S\u00e1nchez Mart\u00ednez; y los titulares de Seguridad P\u00fablica Municipal y Protecci\u00f3n Civil Municipal, realizaron una visita al recinto ferial para supervisar los preparativos del espacio en que se regalar\u00e1n miles de enchiladas a las y los visitantes.<\/p>\n\n\n\n<p>La edil afirm\u00f3 que para brindar un evento fluido y en orden, acudi\u00f3 personal involucrado para asegurar que desde las dos de la tarde en que empieza el evento se brinden las condiciones de prevenci\u00f3n de incidentes, que por la aglomeraci\u00f3n de gente puedan surgir; dijo que por ello, hay una coordinaci\u00f3n con Protecci\u00f3n Civil y Seguridad P\u00fablica, para vigilar la entrega del platillo t\u00edpico para todas las personas, desde ni\u00f1os, ni\u00f1as, adultos y personas de la tercera edad.<\/p>\n\n\n\n<p>Manifest\u00f3 que se busca generar orden y agilidad en la entrega de la Enchiladas, y evitar una espera prolongada. \u201cEstuvimos supervisando los espacios, que este a\u00f1o ser\u00e1 a un costado de la zona de antros, y adecuar la instalaci\u00f3n del escenario, de tres cocinas y la colocaci\u00f3n de mesas y sillas para un cupo de hasta 600 personas que pueda degustar en comodidad este delicioso platillo\u201d, afirm\u00f3 Mart\u00ednez P\u00e9rez.<\/p>\n\n\n\n<p>La Alcaldesa invit\u00f3 a toda la poblaci\u00f3n soledense y potosina a acudir este jueves 22 de agosto, y presenciar un acto de honor para Soledad: &#8220;Es un honor para nosotros presentar nuestras tradicionales Enchiladas soledense en este majestuoso recinto ferial, queremos que cada visitante disfrute de nuestra gastronom\u00eda en un ambiente seguro y organizado\u201d.&nbsp;<br><br>\u201cEl D\u00eda de la Enchilada Soledense\u201d, que ser\u00e1 encabezado por el municipio de Soledad de Graciano S\u00e1nchez, por tercer a\u00f1o consecutivo, entregar\u00e1 a las y los asistentes m\u00e1s de 40 mil Enchiladas hechas por cocineras de la demarcaci\u00f3n, para difundir entre las y los visitantes las delicias culinarias que definen la gastronom\u00eda local y destacar la importancia cultural.<\/p>\n","protected":false},"excerpt":{"rendered":"<p>En un esfuerzo por garantizar que la participaci\u00f3n del municipio de Soledad de Graciano S\u00e1nchez en la Feria Nacional Potosina (FENAPO), con \u201cEl D\u00eda de la Enchilada Soledense\u201d, sea todo un \u00e9xito, la Alcaldesa Interina, Araceli Mart\u00ednez P\u00e9rez, acompa\u00f1ada por el secretario General del Ayuntamiento, Benjam\u00edn P\u00e9rez \u00c1lvarez; la contralora interna, Mariana S\u00e1nchez Mart\u00ednez; y [&hellip;]<\/p>\n","protected":false},"author":2,"featured_media":11937,"comment_status":"open","ping_status":"open","sticky":false,"template":"","format":"standard","meta":{"footnotes":""},"categories":[24,19,21],"tags":[223,1701,90,2335,294,261,27],"class_list":{"0":"post-11936","1":"post","2":"type-post","3":"status-publish","4":"format-standard","5":"has-post-thumbnail","7":"category-informacion-general","8":"category-seguridad","9":"category-tu-soledad","10":"tag-ayuntamiento-soledense","11":"tag-enchiladas","12":"tag-fenapo","13":"tag-fenapo-2024","14":"tag-san-luis","15":"tag-slp","16":"tag-soledad"},"_links":{"self":[{"href":"https:\/\/cronicadesoledad.com\/index.php\/wp-json\/wp\/v2\/posts\/11936","targetHints":{"allow":["GET"]}}],"collection":[{"href":"https:\/\/cronicadesoledad.com\/index.php\/wp-json\/wp\/v2\/posts"}],"about":[{"href":"https:\/\/cronicadesoledad.com\/index.php\/wp-json\/wp\/v2\/types\/post"}],"author":[{"embeddable":true,"href":"https:\/\/cronicadesoledad.com\/index.php\/wp-json\/wp\/v2\/users\/2"}],"replies":[{"embeddable":true,"href":"https:\/\/cronicadesoledad.com\/index.php\/wp-json\/wp\/v2\/comments?post=11936"}],"version-history":[{"count":1,"href":"https:\/\/cronicadesoledad.com\/index.php\/wp-json\/wp\/v2\/posts\/11936\/revisions"}],"predecessor-version":[{"id":11938,"href":"https:\/\/cronicadesoledad.com\/index.php\/wp-json\/wp\/v2\/posts\/11936\/revisions\/11938"}],"wp:featuredmedia":[{"embeddable":true,"href":"https:\/\/cronicadesoledad.com\/index.php\/wp-json\/wp\/v2\/media\/11937"}],"wp:attachment":[{"href":"https:\/\/cronicadesoledad.com\/index.php\/wp-json\/wp\/v2\/media?parent=11936"}],"wp:term":[{"taxonomy":"category","embeddable":true,"href":"https:\/\/cronicadesoledad.com\/index.php\/wp-json\/wp\/v2\/categories?post=11936"},{"taxonomy":"post_tag","embeddable":true,"href":"https:\/\/cronicadesoledad.com\/index.php\/wp-json\/wp\/v2\/tags?post=11936"}],"curies":[{"name":"wp","href":"https:\/\/api.w.org\/{rel}","templated":true}]}}