{"id":11943,"date":"2024-08-21T20:26:33","date_gmt":"2024-08-22T02:26:33","guid":{"rendered":"https:\/\/cronicadesoledad.com\/?p=11943"},"modified":"2024-08-21T20:26:33","modified_gmt":"2024-08-22T02:26:33","slug":"talento-soledense-ambientara-la-fenapo-este-jueves","status":"publish","type":"post","link":"https:\/\/cronicadesoledad.com\/index.php\/2024\/08\/21\/talento-soledense-ambientara-la-fenapo-este-jueves\/","title":{"rendered":"Talento soledense ambientar\u00e1 la Fenapo este jueves"},"content":{"rendered":"\n<p>Este jueves 22 de agosto, Soledad de Graciano S\u00e1nchez tomar\u00e1 el protagonismo en la Feria Nacional Potosina (FENAPO), presentando un variado programa de entretenimiento musical que resaltar\u00e1 el folclore y la cultura, en el \u201cD\u00eda de la Enchilada Soledense\u201d, con la presentaci\u00f3n de tres agrupaciones musicales y dos de danza folcl\u00f3rica.<\/p>\n\n\n\n<p>El evento gastron\u00f3mico que contempla la entrega de 50 mil Enchiladas, iniciar\u00e1 a las tres de la tarde con la participaci\u00f3n del Grupo de Danza \u201cSemiak Xochipilli\u201d, que abrir\u00e1 el escenario con una muestra de danzas tradicionales que reflejan la rica herencia cultural de Soledad de Graciano S\u00e1nchez; adem\u00e1s de la participaci\u00f3n de Arthur de \u201cAccumbens &amp; Mi Amor\u201d, qui\u00e9n deleitar\u00e1 al p\u00fablico con lo mejor del rock-pop, baladas y m\u00fasica vers\u00e1til.<\/p>\n\n\n\n<p>Asimismo, el Grupo de Danza \u201cSoledhuitzi\u201d continuar\u00e1 la celebraci\u00f3n con una presentaci\u00f3n que combina el folclore mexicano con modernas interpretaciones coreogr\u00e1ficas; y el grupo \u201cBarrio Caliente\u201d llenar\u00e1 el ambiente de energ\u00eda con su fusi\u00f3n de cumbia y sonidos tropicales, mientras que \u201cEskama de Perla\u201d cerrar\u00e1 la noche con un potente espect\u00e1culo musical.<\/p>\n\n\n\n<p>Como parte de esta celebraci\u00f3n, se repartir\u00e1n a las y los asistentes m\u00e1s de 50 mil enchiladas potosinas gratuitas que son un \u00edcono de la gastronom\u00eda del municipio, y su distribuci\u00f3n ser\u00e1 un gesto de generosidad y orgullo por las ra\u00edces de Soledad de Graciano S\u00e1nchez.<\/p>\n","protected":false},"excerpt":{"rendered":"<p>Este jueves 22 de agosto, Soledad de Graciano S\u00e1nchez tomar\u00e1 el protagonismo en la Feria Nacional Potosina (FENAPO), presentando un variado programa de entretenimiento musical que resaltar\u00e1 el folclore y la cultura, en el \u201cD\u00eda de la Enchilada Soledense\u201d, con la presentaci\u00f3n de tres agrupaciones musicales y dos de danza folcl\u00f3rica. El evento gastron\u00f3mico que [&hellip;]<\/p>\n","protected":false},"author":2,"featured_media":11944,"comment_status":"open","ping_status":"open","sticky":false,"template":"","format":"standard","meta":{"footnotes":""},"categories":[24,21],"tags":[1122,223,1701,90,2335,294,261,27],"class_list":{"0":"post-11943","1":"post","2":"type-post","3":"status-publish","4":"format-standard","5":"has-post-thumbnail","7":"category-informacion-general","8":"category-tu-soledad","9":"tag-1122","10":"tag-ayuntamiento-soledense","11":"tag-enchiladas","12":"tag-fenapo","13":"tag-fenapo-2024","14":"tag-san-luis","15":"tag-slp","16":"tag-soledad"},"_links":{"self":[{"href":"https:\/\/cronicadesoledad.com\/index.php\/wp-json\/wp\/v2\/posts\/11943","targetHints":{"allow":["GET"]}}],"collection":[{"href":"https:\/\/cronicadesoledad.com\/index.php\/wp-json\/wp\/v2\/posts"}],"about":[{"href":"https:\/\/cronicadesoledad.com\/index.php\/wp-json\/wp\/v2\/types\/post"}],"author":[{"embeddable":true,"href":"https:\/\/cronicadesoledad.com\/index.php\/wp-json\/wp\/v2\/users\/2"}],"replies":[{"embeddable":true,"href":"https:\/\/cronicadesoledad.com\/index.php\/wp-json\/wp\/v2\/comments?post=11943"}],"version-history":[{"count":1,"href":"https:\/\/cronicadesoledad.com\/index.php\/wp-json\/wp\/v2\/posts\/11943\/revisions"}],"predecessor-version":[{"id":11945,"href":"https:\/\/cronicadesoledad.com\/index.php\/wp-json\/wp\/v2\/posts\/11943\/revisions\/11945"}],"wp:featuredmedia":[{"embeddable":true,"href":"https:\/\/cronicadesoledad.com\/index.php\/wp-json\/wp\/v2\/media\/11944"}],"wp:attachment":[{"href":"https:\/\/cronicadesoledad.com\/index.php\/wp-json\/wp\/v2\/media?parent=11943"}],"wp:term":[{"taxonomy":"category","embeddable":true,"href":"https:\/\/cronicadesoledad.com\/index.php\/wp-json\/wp\/v2\/categories?post=11943"},{"taxonomy":"post_tag","embeddable":true,"href":"https:\/\/cronicadesoledad.com\/index.php\/wp-json\/wp\/v2\/tags?post=11943"}],"curies":[{"name":"wp","href":"https:\/\/api.w.org\/{rel}","templated":true}]}}