{"id":11959,"date":"2024-08-22T20:12:46","date_gmt":"2024-08-23T02:12:46","guid":{"rendered":"https:\/\/cronicadesoledad.com\/?p=11959"},"modified":"2024-08-22T20:12:47","modified_gmt":"2024-08-23T02:12:47","slug":"por-tercer-ano-celebraron-el-dia-de-la-enchilada-en-la-fenapo","status":"publish","type":"post","link":"https:\/\/cronicadesoledad.com\/index.php\/2024\/08\/22\/por-tercer-ano-celebraron-el-dia-de-la-enchilada-en-la-fenapo\/","title":{"rendered":"Por tercer a\u00f1o, celebraron el d\u00eda de la enchilada en la Fenapo"},"content":{"rendered":"\n<p>El &#8220;D\u00eda de la Enchilada Soledense&#8221; se consagr\u00f3 una vez m\u00e1s como el gran protagonista de la Feria Nacional Potosina (FENAPO 2024), reafirmando su \u00e9xito por tercer a\u00f1o consecutivo; este jueves, Soledad de Graciano S\u00e1nchez asumi\u00f3 el papel de anfitri\u00f3n, ofreciendo una experiencia gastron\u00f3mica incomparable que atrajo a miles de visitantes que tuvieron el privilegio de degustar las aut\u00e9nticas Enchiladas potosinas.<\/p>\n\n\n\n<p>Tras el corte de list\u00f3n oficial de este m\u00e1ximo evento, encabezado por la Alcaldesa, Araceli Mart\u00ednez P\u00e9rez; secretario General del Ayuntamiento, Benjamin P\u00e9rez \u00c1lvarez; la presidenta del DIF Municipal, Maria del Pilar Cardona Reyna, y otras autoridades municipales y civiles; las y los asistentes disfrutaron de esta tradici\u00f3n gastron\u00f3mica con todos sus acompa\u00f1amientos tradicionales: frijoles refritos, cueritos, aguacate, cebolla, crema y queso que complementaron la experiencia culinaria.<\/p>\n\n\n\n<p>La Alcaldesa, Araceli Mart\u00ednez P\u00e9rez se dijo contenta y orgullosa de que Soledad sea parte en este magno evento en el que Soledad ha dado muestra de su platillo emblem\u00e1tico, el cual cont\u00f3 con buena log\u00edstica. &#8220;Quiero agradecer al Gobernador, Ricardo Gallardo Cardona por esta invitaci\u00f3n, es el tercer a\u00f1o consecutivo en esta gran fiesta para la ciudadan\u00eda, el d\u00eda de hoy tenemos para dar m\u00e1s de 10 mil platillos gratuitos, estamos hablando de mas de 50 mil enchiladas, con sus respectivos acompa\u00f1amientos y agua fresca y refrescos&#8221;, detall\u00f3.<\/p>\n\n\n\n<p>La celebraci\u00f3n que deleit\u00f3 a miles de paladares desde las dos de la tarde, tambi\u00e9n ofreci\u00f3 un espect\u00e1culo, a trav\u00e9s de una variedad musical que alegr\u00f3 el ambiente, asi como de muestras de danza folkl\u00f3rica soledense que resaltaron la riqueza cultural de Soledad de Graciano S\u00e1nchez, combinando la belleza de la m\u00fasica y la danza con la gastronom\u00eda local.<\/p>\n\n\n\n<p>El D\u00eda de la Enchilada Soledense super\u00f3 todas las expectativas, consolidando a Soledad de Graciano S\u00e1nchez como un destacado embajador de la rica tradici\u00f3n culinaria y cultural en la FENAPO 2024.<\/p>\n","protected":false},"excerpt":{"rendered":"<p>El &#8220;D\u00eda de la Enchilada Soledense&#8221; se consagr\u00f3 una vez m\u00e1s como el gran protagonista de la Feria Nacional Potosina (FENAPO 2024), reafirmando su \u00e9xito por tercer a\u00f1o consecutivo; este jueves, Soledad de Graciano S\u00e1nchez asumi\u00f3 el papel de anfitri\u00f3n, ofreciendo una experiencia gastron\u00f3mica incomparable que atrajo a miles de visitantes que tuvieron el privilegio [&hellip;]<\/p>\n","protected":false},"author":2,"featured_media":11960,"comment_status":"open","ping_status":"open","sticky":false,"template":"","format":"standard","meta":{"footnotes":""},"categories":[1,24,21],"tags":[1122,223,2615,90,2335,294,261,27],"class_list":{"0":"post-11959","1":"post","2":"type-post","3":"status-publish","4":"format-standard","5":"has-post-thumbnail","7":"category-destacadas","8":"category-informacion-general","9":"category-tu-soledad","10":"tag-1122","11":"tag-ayuntamiento-soledense","12":"tag-dia-de-la-enchilada","13":"tag-fenapo","14":"tag-fenapo-2024","15":"tag-san-luis","16":"tag-slp","17":"tag-soledad"},"_links":{"self":[{"href":"https:\/\/cronicadesoledad.com\/index.php\/wp-json\/wp\/v2\/posts\/11959","targetHints":{"allow":["GET"]}}],"collection":[{"href":"https:\/\/cronicadesoledad.com\/index.php\/wp-json\/wp\/v2\/posts"}],"about":[{"href":"https:\/\/cronicadesoledad.com\/index.php\/wp-json\/wp\/v2\/types\/post"}],"author":[{"embeddable":true,"href":"https:\/\/cronicadesoledad.com\/index.php\/wp-json\/wp\/v2\/users\/2"}],"replies":[{"embeddable":true,"href":"https:\/\/cronicadesoledad.com\/index.php\/wp-json\/wp\/v2\/comments?post=11959"}],"version-history":[{"count":1,"href":"https:\/\/cronicadesoledad.com\/index.php\/wp-json\/wp\/v2\/posts\/11959\/revisions"}],"predecessor-version":[{"id":11961,"href":"https:\/\/cronicadesoledad.com\/index.php\/wp-json\/wp\/v2\/posts\/11959\/revisions\/11961"}],"wp:featuredmedia":[{"embeddable":true,"href":"https:\/\/cronicadesoledad.com\/index.php\/wp-json\/wp\/v2\/media\/11960"}],"wp:attachment":[{"href":"https:\/\/cronicadesoledad.com\/index.php\/wp-json\/wp\/v2\/media?parent=11959"}],"wp:term":[{"taxonomy":"category","embeddable":true,"href":"https:\/\/cronicadesoledad.com\/index.php\/wp-json\/wp\/v2\/categories?post=11959"},{"taxonomy":"post_tag","embeddable":true,"href":"https:\/\/cronicadesoledad.com\/index.php\/wp-json\/wp\/v2\/tags?post=11959"}],"curies":[{"name":"wp","href":"https:\/\/api.w.org\/{rel}","templated":true}]}}