{"id":11962,"date":"2024-08-22T20:15:28","date_gmt":"2024-08-23T02:15:28","guid":{"rendered":"https:\/\/cronicadesoledad.com\/?p=11962"},"modified":"2024-08-22T20:15:58","modified_gmt":"2024-08-23T02:15:58","slug":"la-pecera-de-la-lectura-llevan-mensajes-ambientales-a-las-escuelas","status":"publish","type":"post","link":"https:\/\/cronicadesoledad.com\/index.php\/2024\/08\/22\/la-pecera-de-la-lectura-llevan-mensajes-ambientales-a-las-escuelas\/","title":{"rendered":"La Pecera de la Lectura lleva mensajes ambientales a las escuelas"},"content":{"rendered":"\n<p>Con el firme compromiso de fomentar la lectura y al mismo tiempo concienciar a las y los ni\u00f1os sobre temas ambientales, el Ayuntamiento de Soledad de Graciano S\u00e1nchez, a trav\u00e9s de la Coordinaci\u00f3n de Bibliotecas, impulsa el proyecto &#8220;La Pecera de la Lectura&#8221;, que tiene como objetivo ense\u00f1ar a las nuevas generaciones la importancia del cuidado del agua y las consecuencias de tirar basura en las calles.<\/p>\n\n\n\n<p>Mar\u00eda Guadalupe Cort\u00e9s Segura, coordinadora de bibliotecas municipales, detall\u00f3 que este proyecto se implementar\u00e1 en este regreso a clases, buscando incentivar la lectura, e inculcar en las y los estudiantes una mayor conciencia sobre el medio ambiente.<\/p>\n\n\n\n<p>\u201cA trav\u00e9s de actividades en espacios educativos, se abordar\u00e1n temas como la preservaci\u00f3n del agua y los problemas que genera el taponamiento de alcantarillas, especialmente durante la temporada de lluvias, cuando las inundaciones se vuelven un riesgo\u201d, enfatiz\u00f3.<\/p>\n\n\n\n<p>La funcionaria municipal se\u00f1al\u00f3 que \u201cLa Pecera de la Lectura&#8221; llegar\u00e1 directamente a las instituciones educativas, donde se ofrecer\u00e1n lecturas y din\u00e1micas enfocadas en estos temas, adem\u00e1s, hizo un llamado a las escuelas para que se sumen a esta iniciativa, indicando que pueden solicitar la participaci\u00f3n del proyecto mediante un oficio dirigido a la Coordinaci\u00f3n de Bibliotecas Municipales.<\/p>\n","protected":false},"excerpt":{"rendered":"<p>Con el firme compromiso de fomentar la lectura y al mismo tiempo concienciar a las y los ni\u00f1os sobre temas ambientales, el Ayuntamiento de Soledad de Graciano S\u00e1nchez, a trav\u00e9s de la Coordinaci\u00f3n de Bibliotecas, impulsa el proyecto &#8220;La Pecera de la Lectura&#8221;, que tiene como objetivo ense\u00f1ar a las nuevas generaciones la importancia del [&hellip;]<\/p>\n","protected":false},"author":2,"featured_media":11963,"comment_status":"open","ping_status":"open","sticky":false,"template":"","format":"standard","meta":{"footnotes":""},"categories":[24,21],"tags":[223,1888,2616,1130,294,261,27],"class_list":{"0":"post-11962","1":"post","2":"type-post","3":"status-publish","4":"format-standard","5":"has-post-thumbnail","7":"category-informacion-general","8":"category-tu-soledad","9":"tag-ayuntamiento-soledense","10":"tag-educacion-2","11":"tag-la-pecera-de-la-lectura","12":"tag-lectura","13":"tag-san-luis","14":"tag-slp","15":"tag-soledad"},"_links":{"self":[{"href":"https:\/\/cronicadesoledad.com\/index.php\/wp-json\/wp\/v2\/posts\/11962","targetHints":{"allow":["GET"]}}],"collection":[{"href":"https:\/\/cronicadesoledad.com\/index.php\/wp-json\/wp\/v2\/posts"}],"about":[{"href":"https:\/\/cronicadesoledad.com\/index.php\/wp-json\/wp\/v2\/types\/post"}],"author":[{"embeddable":true,"href":"https:\/\/cronicadesoledad.com\/index.php\/wp-json\/wp\/v2\/users\/2"}],"replies":[{"embeddable":true,"href":"https:\/\/cronicadesoledad.com\/index.php\/wp-json\/wp\/v2\/comments?post=11962"}],"version-history":[{"count":2,"href":"https:\/\/cronicadesoledad.com\/index.php\/wp-json\/wp\/v2\/posts\/11962\/revisions"}],"predecessor-version":[{"id":11965,"href":"https:\/\/cronicadesoledad.com\/index.php\/wp-json\/wp\/v2\/posts\/11962\/revisions\/11965"}],"wp:featuredmedia":[{"embeddable":true,"href":"https:\/\/cronicadesoledad.com\/index.php\/wp-json\/wp\/v2\/media\/11963"}],"wp:attachment":[{"href":"https:\/\/cronicadesoledad.com\/index.php\/wp-json\/wp\/v2\/media?parent=11962"}],"wp:term":[{"taxonomy":"category","embeddable":true,"href":"https:\/\/cronicadesoledad.com\/index.php\/wp-json\/wp\/v2\/categories?post=11962"},{"taxonomy":"post_tag","embeddable":true,"href":"https:\/\/cronicadesoledad.com\/index.php\/wp-json\/wp\/v2\/tags?post=11962"}],"curies":[{"name":"wp","href":"https:\/\/api.w.org\/{rel}","templated":true}]}}