{"id":11989,"date":"2024-08-26T12:39:47","date_gmt":"2024-08-26T18:39:47","guid":{"rendered":"https:\/\/cronicadesoledad.com\/?p=11989"},"modified":"2024-08-26T12:39:48","modified_gmt":"2024-08-26T18:39:48","slug":"soledad-arranca-el-ciclo-escolar-con-enfoque-en-seguridad-y-bienestar","status":"publish","type":"post","link":"https:\/\/cronicadesoledad.com\/index.php\/2024\/08\/26\/soledad-arranca-el-ciclo-escolar-con-enfoque-en-seguridad-y-bienestar\/","title":{"rendered":"Soledad arranca el ciclo escolar con enfoque en seguridad y bienestar"},"content":{"rendered":"\n<p>Este lunes, Soledad de Graciano S\u00e1nchez dio la bienvenida al ciclo escolar 2024-2025, con 215 escuelas abriendo sus puertas para casi 49 mil estudiantes de nivel b\u00e1sico. Este inicio no solo marca el regreso a las aulas, sino tambi\u00e9n la implementaci\u00f3n de un robusto plan enfocado en la seguridad y el bienestar de los estudiantes.<\/p>\n\n\n\n<p>El director de Educaci\u00f3n y Acci\u00f3n C\u00edvica, Juan Castro Castillo, inform\u00f3 que, con el arranque de este ciclo escolar, se lanzar\u00e1n nuevos programas dise\u00f1ados para brindar apoyo psicol\u00f3gico a los alumnos, capacitar a los padres en la escuela para padres, y combatir el bullying con actividades espec\u00edficas. Estas iniciativas contar\u00e1n con el respaldo de la Guardia Civil Estatal y la UAVI, entre otras instituciones, para garantizar un ambiente escolar m\u00e1s seguro.<\/p>\n\n\n\n<p>Manuel Loredo Gallegos, encargado del programa \u201cEscuela Segura\u201d del estado, destac\u00f3 la importancia de estos nuevos proyectos, subrayando que van m\u00e1s all\u00e1 de la teor\u00eda, integrando herramientas pr\u00e1cticas y actividades sociales que mejorar\u00e1n la convivencia y el proceso educativo. Seg\u00fan Loredo, estas medidas son clave para que los estudiantes aprovechen al m\u00e1ximo la Nueva Escuela de Ense\u00f1anza Mexicana y se logren resultados positivos al final del ciclo.<\/p>\n\n\n\n<p>Durante la ceremonia inaugural, la alcaldesa interina, Araceli Mart\u00ednez Acosta, entreg\u00f3 libros escolares a los alumnos de primaria, reafirmando el compromiso del municipio con la educaci\u00f3n de calidad. \u201c\u201cTenemos que impulsar a los estudiantes en un nuevo paso a su desarrollo educativo. Tenemos que respaldar a los ni\u00f1os, ni\u00f1as y adolescentes y asegurar un a\u00f1o m\u00e1s de calidad\u201d, declar\u00f3 la alcaldesa.<\/p>\n\n\n\n<p>Con estas nuevas estrategias, Soledad de Graciano S\u00e1nchez inicia un ciclo escolar centrado en el crecimiento integral de sus estudiantes, asegurando que cada uno reciba el apoyo necesario para alcanzar su m\u00e1ximo potencial en un entorno seguro.<\/p>\n","protected":false},"excerpt":{"rendered":"<p>Este lunes, Soledad de Graciano S\u00e1nchez dio la bienvenida al ciclo escolar 2024-2025, con 215 escuelas abriendo sus puertas para casi 49 mil estudiantes de nivel b\u00e1sico. Este inicio no solo marca el regreso a las aulas, sino tambi\u00e9n la implementaci\u00f3n de un robusto plan enfocado en la seguridad y el bienestar de los estudiantes. [&hellip;]<\/p>\n","protected":false},"author":2,"featured_media":11990,"comment_status":"open","ping_status":"open","sticky":false,"template":"","format":"standard","meta":{"footnotes":""},"categories":[1,24],"tags":[2533,2414,256,294,276,27],"class_list":{"0":"post-11989","1":"post","2":"type-post","3":"status-publish","4":"format-standard","5":"has-post-thumbnail","7":"category-destacadas","8":"category-informacion-general","9":"tag-araceli-martinez","10":"tag-ciclo-escolar","11":"tag-estudiantes","12":"tag-san-luis","13":"tag-seguridad","14":"tag-soledad"},"_links":{"self":[{"href":"https:\/\/cronicadesoledad.com\/index.php\/wp-json\/wp\/v2\/posts\/11989","targetHints":{"allow":["GET"]}}],"collection":[{"href":"https:\/\/cronicadesoledad.com\/index.php\/wp-json\/wp\/v2\/posts"}],"about":[{"href":"https:\/\/cronicadesoledad.com\/index.php\/wp-json\/wp\/v2\/types\/post"}],"author":[{"embeddable":true,"href":"https:\/\/cronicadesoledad.com\/index.php\/wp-json\/wp\/v2\/users\/2"}],"replies":[{"embeddable":true,"href":"https:\/\/cronicadesoledad.com\/index.php\/wp-json\/wp\/v2\/comments?post=11989"}],"version-history":[{"count":1,"href":"https:\/\/cronicadesoledad.com\/index.php\/wp-json\/wp\/v2\/posts\/11989\/revisions"}],"predecessor-version":[{"id":11991,"href":"https:\/\/cronicadesoledad.com\/index.php\/wp-json\/wp\/v2\/posts\/11989\/revisions\/11991"}],"wp:featuredmedia":[{"embeddable":true,"href":"https:\/\/cronicadesoledad.com\/index.php\/wp-json\/wp\/v2\/media\/11990"}],"wp:attachment":[{"href":"https:\/\/cronicadesoledad.com\/index.php\/wp-json\/wp\/v2\/media?parent=11989"}],"wp:term":[{"taxonomy":"category","embeddable":true,"href":"https:\/\/cronicadesoledad.com\/index.php\/wp-json\/wp\/v2\/categories?post=11989"},{"taxonomy":"post_tag","embeddable":true,"href":"https:\/\/cronicadesoledad.com\/index.php\/wp-json\/wp\/v2\/tags?post=11989"}],"curies":[{"name":"wp","href":"https:\/\/api.w.org\/{rel}","templated":true}]}}