{"id":11992,"date":"2024-08-26T14:00:00","date_gmt":"2024-08-26T20:00:00","guid":{"rendered":"https:\/\/cronicadesoledad.com\/?p=11992"},"modified":"2024-08-26T12:51:44","modified_gmt":"2024-08-26T18:51:44","slug":"preocupacion-en-soledad-por-reventa-de-apoyos-escolares-en-linea","status":"publish","type":"post","link":"https:\/\/cronicadesoledad.com\/index.php\/2024\/08\/26\/preocupacion-en-soledad-por-reventa-de-apoyos-escolares-en-linea\/","title":{"rendered":"Preocupaci\u00f3n en Soledad por reventa de apoyos escolares en l\u00ednea"},"content":{"rendered":"\n<p>La reventa de mochilas y calzado escolar, entregados gratuitamente por el Gobierno del Estado a estudiantes de Soledad de Graciano S\u00e1nchez, ha generado preocupaci\u00f3n entre las autoridades municipales. Estos art\u00edculos, destinados a apoyar a familias en situaci\u00f3n vulnerable, han sido detectados en venta en plataformas digitales como Facebook Marketplace, seg\u00fan inform\u00f3 Juan Castro Castillo, titular de la Direcci\u00f3n de Educaci\u00f3n y Acci\u00f3n C\u00edvica del municipio.<\/p>\n\n\n\n<p>Castro Castillo calific\u00f3 la situaci\u00f3n como lamentable, destacando que la selecci\u00f3n de los beneficiarios fue realizada tras un exhaustivo estudio socioecon\u00f3mico, precisamente para asegurar que los apoyos llegaran a quienes realmente los necesitan. La aparici\u00f3n de estos art\u00edculos en sitios de venta en l\u00ednea contradice los principios del programa y pone en evidencia un problema de conciencia y responsabilidad social.<\/p>\n\n\n\n<p>El director hizo un llamado a la comunidad para que evite participar en la comercializaci\u00f3n de estos recursos, que fueron dise\u00f1ados para aliviar la carga econ\u00f3mica de familias en condiciones desfavorables. &#8220;Nos preocupa porque este recurso es para quienes m\u00e1s lo necesitan. Debemos sensibilizar a los padres de familia para que comprendan que este programa es para beneficio de nuestros estudiantes, no para lucrar con ellos&#8221;, expres\u00f3 Castro Castillo.<\/p>\n\n\n\n<p>Adem\u00e1s, enfatiz\u00f3 la urgencia de implementar medidas que regulen y filtren este tipo de situaciones, asegurando que los beneficios lleguen a las familias que realmente los requieren. &#8220;Vamos a tomar la iniciativa de verificar estos casos y buscar estrategias para evitar que situaciones como estas se repitan&#8221;, concluy\u00f3 el funcionario.<\/p>\n\n\n\n<p>Las autoridades municipales est\u00e1n ahora enfocadas en identificar a quienes participan en esta reventa y en encontrar soluciones que impidan la repetici\u00f3n de estos actos que comprometen la integridad del programa de apoyo estatal.<\/p>\n","protected":false},"excerpt":{"rendered":"<p>La reventa de mochilas y calzado escolar, entregados gratuitamente por el Gobierno del Estado a estudiantes de Soledad de Graciano S\u00e1nchez, ha generado preocupaci\u00f3n entre las autoridades municipales. Estos art\u00edculos, destinados a apoyar a familias en situaci\u00f3n vulnerable, han sido detectados en venta en plataformas digitales como Facebook Marketplace, seg\u00fan inform\u00f3 Juan Castro Castillo, titular [&hellip;]<\/p>\n","protected":false},"author":2,"featured_media":11993,"comment_status":"open","ping_status":"open","sticky":false,"template":"","format":"standard","meta":{"footnotes":""},"categories":[24],"tags":[2570,256,2525,2619,261,27],"class_list":{"0":"post-11992","1":"post","2":"type-post","3":"status-publish","4":"format-standard","5":"has-post-thumbnail","7":"category-informacion-general","8":"tag-apoyos-escolares","9":"tag-estudiantes","10":"tag-juan-castro-castillo","11":"tag-reventa","12":"tag-slp","13":"tag-soledad"},"_links":{"self":[{"href":"https:\/\/cronicadesoledad.com\/index.php\/wp-json\/wp\/v2\/posts\/11992","targetHints":{"allow":["GET"]}}],"collection":[{"href":"https:\/\/cronicadesoledad.com\/index.php\/wp-json\/wp\/v2\/posts"}],"about":[{"href":"https:\/\/cronicadesoledad.com\/index.php\/wp-json\/wp\/v2\/types\/post"}],"author":[{"embeddable":true,"href":"https:\/\/cronicadesoledad.com\/index.php\/wp-json\/wp\/v2\/users\/2"}],"replies":[{"embeddable":true,"href":"https:\/\/cronicadesoledad.com\/index.php\/wp-json\/wp\/v2\/comments?post=11992"}],"version-history":[{"count":1,"href":"https:\/\/cronicadesoledad.com\/index.php\/wp-json\/wp\/v2\/posts\/11992\/revisions"}],"predecessor-version":[{"id":11994,"href":"https:\/\/cronicadesoledad.com\/index.php\/wp-json\/wp\/v2\/posts\/11992\/revisions\/11994"}],"wp:featuredmedia":[{"embeddable":true,"href":"https:\/\/cronicadesoledad.com\/index.php\/wp-json\/wp\/v2\/media\/11993"}],"wp:attachment":[{"href":"https:\/\/cronicadesoledad.com\/index.php\/wp-json\/wp\/v2\/media?parent=11992"}],"wp:term":[{"taxonomy":"category","embeddable":true,"href":"https:\/\/cronicadesoledad.com\/index.php\/wp-json\/wp\/v2\/categories?post=11992"},{"taxonomy":"post_tag","embeddable":true,"href":"https:\/\/cronicadesoledad.com\/index.php\/wp-json\/wp\/v2\/tags?post=11992"}],"curies":[{"name":"wp","href":"https:\/\/api.w.org\/{rel}","templated":true}]}}