{"id":12004,"date":"2024-08-27T18:30:00","date_gmt":"2024-08-28T00:30:00","guid":{"rendered":"https:\/\/cronicadesoledad.com\/?p=12004"},"modified":"2024-08-27T18:19:47","modified_gmt":"2024-08-28T00:19:47","slug":"choque-en-bulevar-valle-de-los-fantasmas-solo-heridos","status":"publish","type":"post","link":"https:\/\/cronicadesoledad.com\/index.php\/2024\/08\/27\/choque-en-bulevar-valle-de-los-fantasmas-solo-heridos\/","title":{"rendered":"Choque en bulevar Valle de los Fantasmas, solo heridos"},"content":{"rendered":"\n<p>La ma\u00f1ana de este martes, oficiales de Tr\u00e1nsito Vial de Soledad de Graciano S\u00e1nchez, atendieron un percance vehicular en Bulevar Valle de Los Fantasmas &#8211; Carretera Rioverde, causado a que el conductor de una motocicleta marca Vento se integr\u00f3 de la colonia Hacienda Los Morales hacia el Bulevar sin la debida precauci\u00f3n, ocasionado un corte de circulaci\u00f3n lo que ocasion\u00f3 que fuera golpeado por un veh\u00edculo marca Mazda.<\/p>\n\n\n\n<p>Como resultado del percance, el conductor de la moto y su hijo menor de edad resultaron con lesiones menores, y fueron atendidos a la brevedad por personal de Servicios de Salud del Estado. Sobre el hecho, peritos de Tr\u00e1nsito Municipal de Soledad tomaron conocimiento para realizar el tr\u00e1mite respectivo.<\/p>\n\n\n\n<p>La dependencia reitera la importancia de conducir con responsabilidad y respetar las normas de tr\u00e1nsito para el bienestar de todas y todos.<\/p>\n","protected":false},"excerpt":{"rendered":"<p>La ma\u00f1ana de este martes, oficiales de Tr\u00e1nsito Vial de Soledad de Graciano S\u00e1nchez, atendieron un percance vehicular en Bulevar Valle de Los Fantasmas &#8211; Carretera Rioverde, causado a que el conductor de una motocicleta marca Vento se integr\u00f3 de la colonia Hacienda Los Morales hacia el Bulevar sin la debida precauci\u00f3n, ocasionado un corte [&hellip;]<\/p>\n","protected":false},"author":2,"featured_media":12005,"comment_status":"open","ping_status":"open","sticky":false,"template":"","format":"standard","meta":{"footnotes":""},"categories":[24,19],"tags":[1749,294,276,261,27,1915],"class_list":{"0":"post-12004","1":"post","2":"type-post","3":"status-publish","4":"format-standard","5":"has-post-thumbnail","7":"category-informacion-general","8":"category-seguridad","9":"tag-choque","10":"tag-san-luis","11":"tag-seguridad","12":"tag-slp","13":"tag-soledad","14":"tag-valle-de-los-fantasmas"},"_links":{"self":[{"href":"https:\/\/cronicadesoledad.com\/index.php\/wp-json\/wp\/v2\/posts\/12004","targetHints":{"allow":["GET"]}}],"collection":[{"href":"https:\/\/cronicadesoledad.com\/index.php\/wp-json\/wp\/v2\/posts"}],"about":[{"href":"https:\/\/cronicadesoledad.com\/index.php\/wp-json\/wp\/v2\/types\/post"}],"author":[{"embeddable":true,"href":"https:\/\/cronicadesoledad.com\/index.php\/wp-json\/wp\/v2\/users\/2"}],"replies":[{"embeddable":true,"href":"https:\/\/cronicadesoledad.com\/index.php\/wp-json\/wp\/v2\/comments?post=12004"}],"version-history":[{"count":1,"href":"https:\/\/cronicadesoledad.com\/index.php\/wp-json\/wp\/v2\/posts\/12004\/revisions"}],"predecessor-version":[{"id":12006,"href":"https:\/\/cronicadesoledad.com\/index.php\/wp-json\/wp\/v2\/posts\/12004\/revisions\/12006"}],"wp:featuredmedia":[{"embeddable":true,"href":"https:\/\/cronicadesoledad.com\/index.php\/wp-json\/wp\/v2\/media\/12005"}],"wp:attachment":[{"href":"https:\/\/cronicadesoledad.com\/index.php\/wp-json\/wp\/v2\/media?parent=12004"}],"wp:term":[{"taxonomy":"category","embeddable":true,"href":"https:\/\/cronicadesoledad.com\/index.php\/wp-json\/wp\/v2\/categories?post=12004"},{"taxonomy":"post_tag","embeddable":true,"href":"https:\/\/cronicadesoledad.com\/index.php\/wp-json\/wp\/v2\/tags?post=12004"}],"curies":[{"name":"wp","href":"https:\/\/api.w.org\/{rel}","templated":true}]}}