{"id":12020,"date":"2024-09-02T03:00:00","date_gmt":"2024-09-02T09:00:00","guid":{"rendered":"https:\/\/cronicadesoledad.com\/?p=12020"},"modified":"2024-09-02T00:38:24","modified_gmt":"2024-09-02T06:38:24","slug":"detenido-presunto-homicida","status":"publish","type":"post","link":"https:\/\/cronicadesoledad.com\/index.php\/2024\/09\/02\/detenido-presunto-homicida\/","title":{"rendered":"Detenido presunto homicida"},"content":{"rendered":"\n<p>La Fiscal\u00eda General del Estado de San Luis Potos\u00ed (FGESLP) detuvo a un sujeto que estar\u00eda relacionado en un homicidio perpetrado en Soledad de Graciano S\u00e1nchez.<\/p>\n\n\n\n<p>A trav\u00e9s de las indagatorias de la Polic\u00eda de Investigaci\u00f3n (PDI), se obtuvieron indicios que establecieron la probable participaci\u00f3n de Mario \u201cN\u201d en el il\u00edcito, lo que deriv\u00f3 en la orden de aprehensi\u00f3n en su contra por el delito de homicidio calificado.<\/p>\n\n\n\n<p>El 12 de mayo de 2022, el indiciado habr\u00eda disparado un arma de fuego desde una motocicleta en contra de un masculino en la calle Juli\u00e1n de los Reyes del municipio soledense; en tal lugar, la v\u00edctima result\u00f3 con heridas que ocasionaron su muerte.<\/p>\n\n\n\n<p>Por lo anterior, la captura del individuo tuvo lugar en la carretera Matehuala, donde agentes de la PDI le informaron del mandato judicial.<\/p>\n\n\n\n<p>Tras ser certificado m\u00e9dicamente, fue ingresado en el Centro de Reinserci\u00f3n Social No.1 ubicado en la Delegaci\u00f3n La Pila, a disposici\u00f3n del Juez de control para llevar a cabo la audiencia inicial.<\/p>\n","protected":false},"excerpt":{"rendered":"<p>La Fiscal\u00eda General del Estado de San Luis Potos\u00ed (FGESLP) detuvo a un sujeto que estar\u00eda relacionado en un homicidio perpetrado en Soledad de Graciano S\u00e1nchez. A trav\u00e9s de las indagatorias de la Polic\u00eda de Investigaci\u00f3n (PDI), se obtuvieron indicios que establecieron la probable participaci\u00f3n de Mario \u201cN\u201d en el il\u00edcito, lo que deriv\u00f3 en [&hellip;]<\/p>\n","protected":false},"author":2,"featured_media":5617,"comment_status":"open","ping_status":"open","sticky":false,"template":"","format":"standard","meta":{"footnotes":""},"categories":[24,19],"tags":[1503,1819,473,2161,294,261,27],"class_list":{"0":"post-12020","1":"post","2":"type-post","3":"status-publish","4":"format-standard","5":"has-post-thumbnail","7":"category-informacion-general","8":"category-seguridad","9":"tag-detenido","10":"tag-fge","11":"tag-fgeslp","12":"tag-homicida","13":"tag-san-luis","14":"tag-slp","15":"tag-soledad"},"_links":{"self":[{"href":"https:\/\/cronicadesoledad.com\/index.php\/wp-json\/wp\/v2\/posts\/12020","targetHints":{"allow":["GET"]}}],"collection":[{"href":"https:\/\/cronicadesoledad.com\/index.php\/wp-json\/wp\/v2\/posts"}],"about":[{"href":"https:\/\/cronicadesoledad.com\/index.php\/wp-json\/wp\/v2\/types\/post"}],"author":[{"embeddable":true,"href":"https:\/\/cronicadesoledad.com\/index.php\/wp-json\/wp\/v2\/users\/2"}],"replies":[{"embeddable":true,"href":"https:\/\/cronicadesoledad.com\/index.php\/wp-json\/wp\/v2\/comments?post=12020"}],"version-history":[{"count":1,"href":"https:\/\/cronicadesoledad.com\/index.php\/wp-json\/wp\/v2\/posts\/12020\/revisions"}],"predecessor-version":[{"id":12021,"href":"https:\/\/cronicadesoledad.com\/index.php\/wp-json\/wp\/v2\/posts\/12020\/revisions\/12021"}],"wp:featuredmedia":[{"embeddable":true,"href":"https:\/\/cronicadesoledad.com\/index.php\/wp-json\/wp\/v2\/media\/5617"}],"wp:attachment":[{"href":"https:\/\/cronicadesoledad.com\/index.php\/wp-json\/wp\/v2\/media?parent=12020"}],"wp:term":[{"taxonomy":"category","embeddable":true,"href":"https:\/\/cronicadesoledad.com\/index.php\/wp-json\/wp\/v2\/categories?post=12020"},{"taxonomy":"post_tag","embeddable":true,"href":"https:\/\/cronicadesoledad.com\/index.php\/wp-json\/wp\/v2\/tags?post=12020"}],"curies":[{"name":"wp","href":"https:\/\/api.w.org\/{rel}","templated":true}]}}