{"id":12053,"date":"2024-08-30T13:39:51","date_gmt":"2024-08-30T19:39:51","guid":{"rendered":"https:\/\/cronicadesoledad.com\/?p=12053"},"modified":"2024-08-30T13:39:52","modified_gmt":"2024-08-30T19:39:52","slug":"soledad-completa-corte-de-entrega-recepcion-contraloria-municipal","status":"publish","type":"post","link":"https:\/\/cronicadesoledad.com\/index.php\/2024\/08\/30\/soledad-completa-corte-de-entrega-recepcion-contraloria-municipal\/","title":{"rendered":"Soledad completa corte de entrega-recepci\u00f3n: Contralor\u00eda Municipal"},"content":{"rendered":"\n<p>El proceso de entrega-recepci\u00f3n en Soledad de Graciano S\u00e1nchez ha alcanzado un avance significativo, seg\u00fan inform\u00f3 Mariana S\u00e1nchez Mart\u00ednez, la contralora interna del municipio. A finales de julio, se complet\u00f3 un corte que abarca todas las \u00e1reas del gobierno local, cumpliendo con los requisitos legales y la Ley Org\u00e1nica.<\/p>\n\n\n\n<p>&#8220;Ya entregamos, ya&nbsp;hicimos un corte con todas las \u00e1reas al 31 de julio. Este corte est\u00e1 alineado con lo que establece la ley y la Ley Org\u00e1nica, y tambi\u00e9n lo preparamos para presentarlo al Instituto de Fiscalizaci\u00f3n si es requerido&#8221;, indic\u00f3 S\u00e1nchez Mart\u00ednez.<\/p>\n\n\n\n<p>Este avance se ha compartido con el presidente municipal electo, quien ya tiene acceso a la documentaci\u00f3n para comenzar la coordinaci\u00f3n y revisi\u00f3n de la transici\u00f3n. Seg\u00fan la contralora, tanto el Secretario General como el tesorero est\u00e1n plenamente comisionados para colaborar en este proceso.<\/p>\n\n\n\n<p>&#8220;El presidente municipal electo ya est\u00e1 en tiempo de poder checar con nosotros la entrega-recepci\u00f3n.&nbsp;Ya estamos comisionados y preparados para ello, junto con el Secretario General y el tesorero&#8221;, a\u00f1adi\u00f3.<\/p>\n\n\n\n<p>S\u00e1nchez Mart\u00ednez tambi\u00e9n subray\u00f3 que el equipo de la administraci\u00f3n actual est\u00e1 preparado para cualquier revisi\u00f3n adicional antes de que concluya su mandato. Asegur\u00f3 que la entrega-recepci\u00f3n se llevar\u00e1 a cabo sin inconvenientes, con el cierre definitivo programado para el 1 de octubre, cuando se entregar\u00e1 un informe final con los resultados hasta el 30 de septiembre.<\/p>\n\n\n\n<p>&#8220;Estamos preparados con este corte al 31 de julio, y como lo marca la ley, el acto protocolario de entrega final tendr\u00eda que ser el primero de octubre, donde entregaremos el cierre definitivo al 30 de septiembre&#8221;, concluy\u00f3.<\/p>\n","protected":false},"excerpt":{"rendered":"<p>El proceso de entrega-recepci\u00f3n en Soledad de Graciano S\u00e1nchez ha alcanzado un avance significativo, seg\u00fan inform\u00f3 Mariana S\u00e1nchez Mart\u00ednez, la contralora interna del municipio. A finales de julio, se complet\u00f3 un corte que abarca todas las \u00e1reas del gobierno local, cumpliendo con los requisitos legales y la Ley Org\u00e1nica. &#8220;Ya entregamos, ya&nbsp;hicimos un corte con [&hellip;]<\/p>\n","protected":false},"author":2,"featured_media":12054,"comment_status":"open","ping_status":"open","sticky":false,"template":"","format":"standard","meta":{"footnotes":""},"categories":[1,24],"tags":[1338,2443,2633,2634,294,27],"class_list":{"0":"post-12053","1":"post","2":"type-post","3":"status-publish","4":"format-standard","5":"has-post-thumbnail","7":"category-destacadas","8":"category-informacion-general","9":"tag-contraloria-municipal","10":"tag-entrega-recepcion","11":"tag-gobienro","12":"tag-ley-organica","13":"tag-san-luis","14":"tag-soledad"},"_links":{"self":[{"href":"https:\/\/cronicadesoledad.com\/index.php\/wp-json\/wp\/v2\/posts\/12053","targetHints":{"allow":["GET"]}}],"collection":[{"href":"https:\/\/cronicadesoledad.com\/index.php\/wp-json\/wp\/v2\/posts"}],"about":[{"href":"https:\/\/cronicadesoledad.com\/index.php\/wp-json\/wp\/v2\/types\/post"}],"author":[{"embeddable":true,"href":"https:\/\/cronicadesoledad.com\/index.php\/wp-json\/wp\/v2\/users\/2"}],"replies":[{"embeddable":true,"href":"https:\/\/cronicadesoledad.com\/index.php\/wp-json\/wp\/v2\/comments?post=12053"}],"version-history":[{"count":1,"href":"https:\/\/cronicadesoledad.com\/index.php\/wp-json\/wp\/v2\/posts\/12053\/revisions"}],"predecessor-version":[{"id":12055,"href":"https:\/\/cronicadesoledad.com\/index.php\/wp-json\/wp\/v2\/posts\/12053\/revisions\/12055"}],"wp:featuredmedia":[{"embeddable":true,"href":"https:\/\/cronicadesoledad.com\/index.php\/wp-json\/wp\/v2\/media\/12054"}],"wp:attachment":[{"href":"https:\/\/cronicadesoledad.com\/index.php\/wp-json\/wp\/v2\/media?parent=12053"}],"wp:term":[{"taxonomy":"category","embeddable":true,"href":"https:\/\/cronicadesoledad.com\/index.php\/wp-json\/wp\/v2\/categories?post=12053"},{"taxonomy":"post_tag","embeddable":true,"href":"https:\/\/cronicadesoledad.com\/index.php\/wp-json\/wp\/v2\/tags?post=12053"}],"curies":[{"name":"wp","href":"https:\/\/api.w.org\/{rel}","templated":true}]}}