{"id":12059,"date":"2024-08-30T19:00:00","date_gmt":"2024-08-31T01:00:00","guid":{"rendered":"https:\/\/cronicadesoledad.com\/?p=12059"},"modified":"2024-08-30T18:31:30","modified_gmt":"2024-08-31T00:31:30","slug":"tipejo-asesino-a-balazos-a-una-mujer-en-estacion-ventura","status":"publish","type":"post","link":"https:\/\/cronicadesoledad.com\/index.php\/2024\/08\/30\/tipejo-asesino-a-balazos-a-una-mujer-en-estacion-ventura\/","title":{"rendered":"Tipejo asesin\u00f3 a balazos a una mujer en Estaci\u00f3n Ventura"},"content":{"rendered":"\n<p>La comunidad potosina se vio conmocionada la ma\u00f1ana de este viernes ante el presunto feminicidio de una joven de 22 a\u00f1os en Estaci\u00f3n Ventura, localidad de Soledad de Graciano S\u00e1nchez. La Fiscal\u00eda General del Estado ya ha iniciado las investigaciones correspondientes para identificar y capturar al responsable de este crimen.<\/p>\n\n\n\n<p>Inicialmente, los reportes apuntaban al secuestro de una ni\u00f1a en la comunidad mencionada. Sin embargo, con el transcurso de las horas, se confirm\u00f3 que la v\u00edctima era una joven de 22 a\u00f1os que habr\u00eda sido secuestrada por un hombre, quien la oblig\u00f3 a subir a una camioneta. Posteriormente, el agresor la habr\u00eda llevado a un \u00e1rea despoblada donde le quit\u00f3 la vida con una escopeta. En redes sociales, han circulado im\u00e1genes de un hombre que podr\u00eda estar implicado en este crimen.<\/p>\n\n\n\n<p>La Fiscal\u00eda General del Estado ha comunicado que ha comenzado las acciones necesarias para esclarecer los hechos. Las autoridades indicaron que el cuerpo de la joven, que presentaba heridas de bala, fue trasladado a la Vicefiscal\u00eda Cient\u00edfica por el personal de Servicios Periciales.<\/p>\n\n\n\n<p>Asimismo, los elementos de la Polic\u00eda de Investigaci\u00f3n realizaron el procesamiento del lugar del crimen, recopilando diversos indicios que se integrar\u00e1n en la carpeta de investigaci\u00f3n iniciada por la Fiscal\u00eda Especializada en Feminicidios.<\/p>\n\n\n\n<p>Aunque la identidad de la v\u00edctima a\u00fan no ha sido confirmada, la Polic\u00eda de Investigaci\u00f3n ha recopilado pruebas significativas que podr\u00edan conducir a la pronta captura del o los responsables de este tr\u00e1gico suceso.<\/p>\n","protected":false},"excerpt":{"rendered":"<p>La comunidad potosina se vio conmocionada la ma\u00f1ana de este viernes ante el presunto feminicidio de una joven de 22 a\u00f1os en Estaci\u00f3n Ventura, localidad de Soledad de Graciano S\u00e1nchez. La Fiscal\u00eda General del Estado ya ha iniciado las investigaciones correspondientes para identificar y capturar al responsable de este crimen. Inicialmente, los reportes apuntaban al [&hellip;]<\/p>\n","protected":false},"author":2,"featured_media":12060,"comment_status":"open","ping_status":"open","sticky":false,"template":"","format":"standard","meta":{"footnotes":""},"categories":[1,24,19],"tags":[369,1862,472,1512,294,276,261,27],"class_list":{"0":"post-12059","1":"post","2":"type-post","3":"status-publish","4":"format-standard","5":"has-post-thumbnail","7":"category-destacadas","8":"category-informacion-general","9":"category-seguridad","10":"tag-asesinato","11":"tag-estacion-ventura","12":"tag-feminicidio","13":"tag-homicidio","14":"tag-san-luis","15":"tag-seguridad","16":"tag-slp","17":"tag-soledad"},"_links":{"self":[{"href":"https:\/\/cronicadesoledad.com\/index.php\/wp-json\/wp\/v2\/posts\/12059","targetHints":{"allow":["GET"]}}],"collection":[{"href":"https:\/\/cronicadesoledad.com\/index.php\/wp-json\/wp\/v2\/posts"}],"about":[{"href":"https:\/\/cronicadesoledad.com\/index.php\/wp-json\/wp\/v2\/types\/post"}],"author":[{"embeddable":true,"href":"https:\/\/cronicadesoledad.com\/index.php\/wp-json\/wp\/v2\/users\/2"}],"replies":[{"embeddable":true,"href":"https:\/\/cronicadesoledad.com\/index.php\/wp-json\/wp\/v2\/comments?post=12059"}],"version-history":[{"count":1,"href":"https:\/\/cronicadesoledad.com\/index.php\/wp-json\/wp\/v2\/posts\/12059\/revisions"}],"predecessor-version":[{"id":12061,"href":"https:\/\/cronicadesoledad.com\/index.php\/wp-json\/wp\/v2\/posts\/12059\/revisions\/12061"}],"wp:featuredmedia":[{"embeddable":true,"href":"https:\/\/cronicadesoledad.com\/index.php\/wp-json\/wp\/v2\/media\/12060"}],"wp:attachment":[{"href":"https:\/\/cronicadesoledad.com\/index.php\/wp-json\/wp\/v2\/media?parent=12059"}],"wp:term":[{"taxonomy":"category","embeddable":true,"href":"https:\/\/cronicadesoledad.com\/index.php\/wp-json\/wp\/v2\/categories?post=12059"},{"taxonomy":"post_tag","embeddable":true,"href":"https:\/\/cronicadesoledad.com\/index.php\/wp-json\/wp\/v2\/tags?post=12059"}],"curies":[{"name":"wp","href":"https:\/\/api.w.org\/{rel}","templated":true}]}}