{"id":12100,"date":"2024-09-02T21:45:48","date_gmt":"2024-09-03T03:45:48","guid":{"rendered":"https:\/\/cronicadesoledad.com\/?p=12100"},"modified":"2024-09-02T21:45:48","modified_gmt":"2024-09-03T03:45:48","slug":"reportan-fuga-de-agua-en-la-barranca","status":"publish","type":"post","link":"https:\/\/cronicadesoledad.com\/index.php\/2024\/09\/02\/reportan-fuga-de-agua-en-la-barranca\/","title":{"rendered":"Reportan fuga de agua en La Barranca"},"content":{"rendered":"\n<p>ZARAGOZA. \u2013 Habitantes de la comunidad de Barranca, han manifestado su preocupaci\u00f3n por una fuga de agua que lleva m\u00e1s de un mes sin ser atendida por las autoridades.<\/p>\n\n\n\n<p>El problema se localiza en la calle Negrete, cerca del inmueble marcado con el n\u00famero 127, donde una tuber\u00eda perteneciente a la red municipal presenta una importante aver\u00eda.<\/p>\n\n\n\n<p>Cada vez que el servicio de agua es activado en la zona, una gran cantidad de l\u00edquido se desperdicia, generando indignaci\u00f3n entre los vecinos, quienes han se\u00f1alado que la situaci\u00f3n no solo representa un despilfarro del recurso, sino que tambi\u00e9n afecta la presi\u00f3n del agua en las viviendas cercanas.<\/p>\n\n\n\n<p>Los residentes han reportado la fuga a las autoridades locales en m\u00faltiples ocasiones, pero hasta el momento no han recibido una respuesta efectiva. &#8220;Es desesperante ver c\u00f3mo el agua se va literalmente por el drenaje, mientras muchos aqu\u00ed tienen que racionar su consumo porque la presi\u00f3n es baja. Ya llevamos m\u00e1s de un mes as\u00ed y parece que nadie nos escucha&#8221;, coment\u00f3 uno de los vecinos afectados.<\/p>\n\n\n\n<p>La comunidad espera que las autoridades municipales tomen cartas en el asunto lo antes posible, ya que el problema podr\u00eda agravarse si no se atiende de manera oportuna.<\/p>\n\n\n\n<p>La fuga, adem\u00e1s de generar un impacto negativo en el suministro local, representa una p\u00e9rdida considerable de un recurso vital, especialmente en una regi\u00f3n donde el agua es escasa. Los vecinos contin\u00faan atentos y organizados, dispuestos a seguir exigiendo soluciones para evitar que el desperdicio de agua siga afectando su calidad de vida.<\/p>\n","protected":false},"excerpt":{"rendered":"<p>ZARAGOZA. \u2013 Habitantes de la comunidad de Barranca, han manifestado su preocupaci\u00f3n por una fuga de agua que lleva m\u00e1s de un mes sin ser atendida por las autoridades. El problema se localiza en la calle Negrete, cerca del inmueble marcado con el n\u00famero 127, donde una tuber\u00eda perteneciente a la red municipal presenta una [&hellip;]<\/p>\n","protected":false},"author":2,"featured_media":12101,"comment_status":"open","ping_status":"open","sticky":false,"template":"","format":"standard","meta":{"footnotes":""},"categories":[30,24],"tags":[530,1631,2648,2650,294,261,1078],"class_list":{"0":"post-12100","1":"post","2":"type-post","3":"status-publish","4":"format-standard","5":"has-post-thumbnail","7":"category-de-la-region-centro","8":"category-informacion-general","9":"tag-agua","10":"tag-fuga","11":"tag-fuga-de-agua","12":"tag-la-barranca","13":"tag-san-luis","14":"tag-slp","15":"tag-zaragoza"},"_links":{"self":[{"href":"https:\/\/cronicadesoledad.com\/index.php\/wp-json\/wp\/v2\/posts\/12100","targetHints":{"allow":["GET"]}}],"collection":[{"href":"https:\/\/cronicadesoledad.com\/index.php\/wp-json\/wp\/v2\/posts"}],"about":[{"href":"https:\/\/cronicadesoledad.com\/index.php\/wp-json\/wp\/v2\/types\/post"}],"author":[{"embeddable":true,"href":"https:\/\/cronicadesoledad.com\/index.php\/wp-json\/wp\/v2\/users\/2"}],"replies":[{"embeddable":true,"href":"https:\/\/cronicadesoledad.com\/index.php\/wp-json\/wp\/v2\/comments?post=12100"}],"version-history":[{"count":1,"href":"https:\/\/cronicadesoledad.com\/index.php\/wp-json\/wp\/v2\/posts\/12100\/revisions"}],"predecessor-version":[{"id":12102,"href":"https:\/\/cronicadesoledad.com\/index.php\/wp-json\/wp\/v2\/posts\/12100\/revisions\/12102"}],"wp:featuredmedia":[{"embeddable":true,"href":"https:\/\/cronicadesoledad.com\/index.php\/wp-json\/wp\/v2\/media\/12101"}],"wp:attachment":[{"href":"https:\/\/cronicadesoledad.com\/index.php\/wp-json\/wp\/v2\/media?parent=12100"}],"wp:term":[{"taxonomy":"category","embeddable":true,"href":"https:\/\/cronicadesoledad.com\/index.php\/wp-json\/wp\/v2\/categories?post=12100"},{"taxonomy":"post_tag","embeddable":true,"href":"https:\/\/cronicadesoledad.com\/index.php\/wp-json\/wp\/v2\/tags?post=12100"}],"curies":[{"name":"wp","href":"https:\/\/api.w.org\/{rel}","templated":true}]}}