{"id":12118,"date":"2024-09-02T22:11:58","date_gmt":"2024-09-03T04:11:58","guid":{"rendered":"https:\/\/cronicadesoledad.com\/?p=12118"},"modified":"2024-09-02T22:11:59","modified_gmt":"2024-09-03T04:11:59","slug":"mejora-de-caminos-y-carreteras-anuncio-rgc","status":"publish","type":"post","link":"https:\/\/cronicadesoledad.com\/index.php\/2024\/09\/02\/mejora-de-caminos-y-carreteras-anuncio-rgc\/","title":{"rendered":"Mejora de caminos y carreteras anunci\u00f3 RGC"},"content":{"rendered":"\n<p>VILLA DE REYES. &#8211; Durante su visita al municipio de Villa de Reyes, el Gobernador del Estado, Ricardo Gallardo Cardona, expres\u00f3 su total respaldo al trabajo que emprender\u00e1 el alcalde electo, Ismael Hern\u00e1ndez Mart\u00ednez.<\/p>\n\n\n\n<p>Durante el encuentro, el Gobernador destac\u00f3 la importancia de las obras que se llevar\u00e1n a cabo en beneficio de la comunidad, con especial \u00e9nfasis en la mejora de la infraestructura vial.<\/p>\n\n\n\n<p>El Gobernador Gallardo Cardona subray\u00f3 que una de las principales prioridades que ha platicado con Hern\u00e1ndez Mart\u00ednez para su administraci\u00f3n ser\u00e1 la creaci\u00f3n y mejora de caminos y carreteras en Villa de Reyes. Entre los proyectos m\u00e1s destacados, la ampliaci\u00f3n de la carretera 37 a cuatro carriles, una obra de gran magnitud que requerir\u00e1 una inversi\u00f3n cercana a los 400 millones de pesos.<\/p>\n\n\n\n<p>Por su parte, el alcalde electo, Ismael Hern\u00e1ndez Mart\u00ednez, resalt\u00f3 la relevancia de este proyecto, se\u00f1alando que la renovaci\u00f3n de la carretera 37 tiene como objetivo principal mejorar la movilidad y la seguridad de las personas que transitan diariamente por esta v\u00eda. \u201cEsta obra no solo facilitar\u00e1 el acceso a las diferentes empresas ubicadas en la regi\u00f3n, sino que tambi\u00e9n representar\u00e1 un avance significativo en la calidad de vida de los habitantes de Villa de Reyes\u201d, afirm\u00f3 Hern\u00e1ndez Mart\u00ednez.<\/p>\n\n\n\n<p>Finalmente, el Gobernador Gallardo Cardona reiter\u00f3 su compromiso con el desarrollo integral de Villa de Reyes, asegurando que seguir\u00e1n impulsando proyectos que generen bienestar y prosperidad para todos los ciudadanos.<\/p>\n","protected":false},"excerpt":{"rendered":"<p>VILLA DE REYES. &#8211; Durante su visita al municipio de Villa de Reyes, el Gobernador del Estado, Ricardo Gallardo Cardona, expres\u00f3 su total respaldo al trabajo que emprender\u00e1 el alcalde electo, Ismael Hern\u00e1ndez Mart\u00ednez. Durante el encuentro, el Gobernador destac\u00f3 la importancia de las obras que se llevar\u00e1n a cabo en beneficio de la comunidad, [&hellip;]<\/p>\n","protected":false},"author":2,"featured_media":12119,"comment_status":"open","ping_status":"open","sticky":false,"template":"","format":"standard","meta":{"footnotes":""},"categories":[30,24],"tags":[941,2651,1158,1160,294,261,900],"class_list":{"0":"post-12118","1":"post","2":"type-post","3":"status-publish","4":"format-standard","5":"has-post-thumbnail","7":"category-de-la-region-centro","8":"category-informacion-general","9":"tag-carreteras","10":"tag-de-la-region-centro-2","11":"tag-gobierno-del-estado","12":"tag-ricardo-gallardo-cardona","13":"tag-san-luis","14":"tag-slp","15":"tag-villa-de-reyes"},"_links":{"self":[{"href":"https:\/\/cronicadesoledad.com\/index.php\/wp-json\/wp\/v2\/posts\/12118","targetHints":{"allow":["GET"]}}],"collection":[{"href":"https:\/\/cronicadesoledad.com\/index.php\/wp-json\/wp\/v2\/posts"}],"about":[{"href":"https:\/\/cronicadesoledad.com\/index.php\/wp-json\/wp\/v2\/types\/post"}],"author":[{"embeddable":true,"href":"https:\/\/cronicadesoledad.com\/index.php\/wp-json\/wp\/v2\/users\/2"}],"replies":[{"embeddable":true,"href":"https:\/\/cronicadesoledad.com\/index.php\/wp-json\/wp\/v2\/comments?post=12118"}],"version-history":[{"count":1,"href":"https:\/\/cronicadesoledad.com\/index.php\/wp-json\/wp\/v2\/posts\/12118\/revisions"}],"predecessor-version":[{"id":12120,"href":"https:\/\/cronicadesoledad.com\/index.php\/wp-json\/wp\/v2\/posts\/12118\/revisions\/12120"}],"wp:featuredmedia":[{"embeddable":true,"href":"https:\/\/cronicadesoledad.com\/index.php\/wp-json\/wp\/v2\/media\/12119"}],"wp:attachment":[{"href":"https:\/\/cronicadesoledad.com\/index.php\/wp-json\/wp\/v2\/media?parent=12118"}],"wp:term":[{"taxonomy":"category","embeddable":true,"href":"https:\/\/cronicadesoledad.com\/index.php\/wp-json\/wp\/v2\/categories?post=12118"},{"taxonomy":"post_tag","embeddable":true,"href":"https:\/\/cronicadesoledad.com\/index.php\/wp-json\/wp\/v2\/tags?post=12118"}],"curies":[{"name":"wp","href":"https:\/\/api.w.org\/{rel}","templated":true}]}}