{"id":12127,"date":"2024-09-02T22:29:18","date_gmt":"2024-09-03T04:29:18","guid":{"rendered":"https:\/\/cronicadesoledad.com\/?p=12127"},"modified":"2024-09-02T22:29:18","modified_gmt":"2024-09-03T04:29:18","slug":"covid-19-cobro-la-vida-de-una-nina-de-12-anos","status":"publish","type":"post","link":"https:\/\/cronicadesoledad.com\/index.php\/2024\/09\/02\/covid-19-cobro-la-vida-de-una-nina-de-12-anos\/","title":{"rendered":"COVID-19 cobr\u00f3 la vida de una ni\u00f1a de 12 a\u00f1os"},"content":{"rendered":"\n<p>Una ni\u00f1a de 12 a\u00f1os perdi\u00f3 la vida debido a complicaciones relacionadas con el COVID-19 en San Luis Potos\u00ed. La menor, quien no contaba con esquema de vacunaci\u00f3n, se convirti\u00f3 en la v\u00edctima m\u00e1s reciente de la enfermedad en el estado. Entre el 23 y 29 de agosto, se registraron 23 nuevos contagios, principalmente en la capital potosina y Soledad de Graciano S\u00e1nchez.<\/p>\n\n\n\n<p>La Secretar\u00eda de Salud de San Luis Potos\u00ed (SES) inform\u00f3 que, a pesar de no presentar comorbilidades, la ni\u00f1a falleci\u00f3 debido a la severidad de los s\u00edntomas del virus, los cuales se agravan en ausencia de vacunaci\u00f3n. Este deceso eleva a 7,741 el n\u00famero total de muertes por COVID-19 en el estado desde el inicio de la pandemia.<\/p>\n\n\n\n<p>En cuanto a los nuevos contagios, la mayor\u00eda corresponden a personas sin esquema de vacunaci\u00f3n completo, lo que refuerza la necesidad de mantenerse al d\u00eda con las dosis recomendadas. Las autoridades de salud subrayan la importancia de la vacunaci\u00f3n y las medidas preventivas, especialmente para proteger a los menores de edad.<\/p>\n\n\n\n<p>A nivel nacional, M\u00e9xico ha registrado un incremento en los casos de COVID-19 durante 2024, con m\u00e1s de 12,000 contagios confirmados y una tasa de positividad del 28 por ciento. Las variantes m\u00e1s contagiosas de la familia \u00f3micron, KP.2 y KP.3, est\u00e1n circulando en el pa\u00eds, contribuyendo al aumento de infecciones y fallecimientos. Las autoridades insisten en la vacunaci\u00f3n y en mantener las medidas de prevenci\u00f3n para evitar m\u00e1s muertes.<\/p>\n","protected":false},"excerpt":{"rendered":"<p>Una ni\u00f1a de 12 a\u00f1os perdi\u00f3 la vida debido a complicaciones relacionadas con el COVID-19 en San Luis Potos\u00ed. La menor, quien no contaba con esquema de vacunaci\u00f3n, se convirti\u00f3 en la v\u00edctima m\u00e1s reciente de la enfermedad en el estado. Entre el 23 y 29 de agosto, se registraron 23 nuevos contagios, principalmente en [&hellip;]<\/p>\n","protected":false},"author":2,"featured_media":12128,"comment_status":"open","ping_status":"open","sticky":false,"template":"","format":"standard","meta":{"footnotes":""},"categories":[30,24],"tags":[2658,2659,2657,2651,269,294,261],"class_list":{"0":"post-12127","1":"post","2":"type-post","3":"status-publish","4":"format-standard","5":"has-post-thumbnail","7":"category-de-la-region-centro","8":"category-informacion-general","9":"tag-coronavirus","10":"tag-covid-19","11":"tag-covid19","12":"tag-de-la-region-centro-2","13":"tag-salud","14":"tag-san-luis","15":"tag-slp"},"_links":{"self":[{"href":"https:\/\/cronicadesoledad.com\/index.php\/wp-json\/wp\/v2\/posts\/12127","targetHints":{"allow":["GET"]}}],"collection":[{"href":"https:\/\/cronicadesoledad.com\/index.php\/wp-json\/wp\/v2\/posts"}],"about":[{"href":"https:\/\/cronicadesoledad.com\/index.php\/wp-json\/wp\/v2\/types\/post"}],"author":[{"embeddable":true,"href":"https:\/\/cronicadesoledad.com\/index.php\/wp-json\/wp\/v2\/users\/2"}],"replies":[{"embeddable":true,"href":"https:\/\/cronicadesoledad.com\/index.php\/wp-json\/wp\/v2\/comments?post=12127"}],"version-history":[{"count":1,"href":"https:\/\/cronicadesoledad.com\/index.php\/wp-json\/wp\/v2\/posts\/12127\/revisions"}],"predecessor-version":[{"id":12129,"href":"https:\/\/cronicadesoledad.com\/index.php\/wp-json\/wp\/v2\/posts\/12127\/revisions\/12129"}],"wp:featuredmedia":[{"embeddable":true,"href":"https:\/\/cronicadesoledad.com\/index.php\/wp-json\/wp\/v2\/media\/12128"}],"wp:attachment":[{"href":"https:\/\/cronicadesoledad.com\/index.php\/wp-json\/wp\/v2\/media?parent=12127"}],"wp:term":[{"taxonomy":"category","embeddable":true,"href":"https:\/\/cronicadesoledad.com\/index.php\/wp-json\/wp\/v2\/categories?post=12127"},{"taxonomy":"post_tag","embeddable":true,"href":"https:\/\/cronicadesoledad.com\/index.php\/wp-json\/wp\/v2\/tags?post=12127"}],"curies":[{"name":"wp","href":"https:\/\/api.w.org\/{rel}","templated":true}]}}