{"id":12130,"date":"2024-09-02T22:34:57","date_gmt":"2024-09-03T04:34:57","guid":{"rendered":"https:\/\/cronicadesoledad.com\/?p=12130"},"modified":"2024-09-02T22:34:58","modified_gmt":"2024-09-03T04:34:58","slug":"mayor-fortalecimiento-a-la-educacion-rgc","status":"publish","type":"post","link":"https:\/\/cronicadesoledad.com\/index.php\/2024\/09\/02\/mayor-fortalecimiento-a-la-educacion-rgc\/","title":{"rendered":"Mayor fortalecimiento a la educaci\u00f3n: RGC \u00a0"},"content":{"rendered":"\n<p>VILLA DE REYES. &#8211; Como parte del fortalecimiento a la educaci\u00f3n en Villa de Reyes, el presidente municipal Daniel Lagunas L\u00f3pez recibi\u00f3 al gobernador del estado, Ricardo Gallardo Cardona en la comunidad de Laguna de San Vicente, en la cual el gobierno estatal dio inicio al programa de apoyo educativo.<\/p>\n\n\n\n<p>Dicho programa est\u00e1 enfocado a los ni\u00f1os de educaci\u00f3n preescolar y primaria y les provee una mochila, \u00fatiles y un par de zapatos escolares, con lo que se ayuda a las familias m\u00e1s desprotegidas del municipio, con recursos totalmente estatales.<\/p>\n\n\n\n<p>Durante el evento, el presidente municipal agradeci\u00f3 al mandatario estatal por todo el apoyo que ha recibido la educaci\u00f3n en Villa de Reyes, toda vez que, con eso, se potencian las posibilidades de los ni\u00f1os y j\u00f3venes del municipio y ha ido acorde a la misma pol\u00edtica del Ayuntamiento, de priorizar la educaci\u00f3n.<\/p>\n\n\n\n<p>Por su parte, el gobernador Ricardo Gallardo reiter\u00f3 que mantendr\u00e1 su trabajo en favor de Villa de Reyes y confirm\u00f3 inversiones millonarias en obras de movilidad que beneficiar\u00e1n a todos los villarreyenses; reconoci\u00f3 el esfuerzo de la actual administraci\u00f3n local y la voluntad de trabajo del pr\u00f3ximo presidente municipal, Ismael Hern\u00e1ndez.<\/p>\n\n\n\n<p>La poblaci\u00f3n ha reconocido el trabajo que ha realizado la actual administraci\u00f3n municipal, de la mano del mandatario estatal que ha tra\u00eddo grandes beneficios al municipio.<\/p>\n","protected":false},"excerpt":{"rendered":"<p>VILLA DE REYES. &#8211; Como parte del fortalecimiento a la educaci\u00f3n en Villa de Reyes, el presidente municipal Daniel Lagunas L\u00f3pez recibi\u00f3 al gobernador del estado, Ricardo Gallardo Cardona en la comunidad de Laguna de San Vicente, en la cual el gobierno estatal dio inicio al programa de apoyo educativo. Dicho programa est\u00e1 enfocado a [&hellip;]<\/p>\n","protected":false},"author":2,"featured_media":12131,"comment_status":"open","ping_status":"open","sticky":false,"template":"","format":"standard","meta":{"footnotes":""},"categories":[30,24],"tags":[2651,1888,1158,1160,294,261,900],"class_list":{"0":"post-12130","1":"post","2":"type-post","3":"status-publish","4":"format-standard","5":"has-post-thumbnail","7":"category-de-la-region-centro","8":"category-informacion-general","9":"tag-de-la-region-centro-2","10":"tag-educacion-2","11":"tag-gobierno-del-estado","12":"tag-ricardo-gallardo-cardona","13":"tag-san-luis","14":"tag-slp","15":"tag-villa-de-reyes"},"_links":{"self":[{"href":"https:\/\/cronicadesoledad.com\/index.php\/wp-json\/wp\/v2\/posts\/12130","targetHints":{"allow":["GET"]}}],"collection":[{"href":"https:\/\/cronicadesoledad.com\/index.php\/wp-json\/wp\/v2\/posts"}],"about":[{"href":"https:\/\/cronicadesoledad.com\/index.php\/wp-json\/wp\/v2\/types\/post"}],"author":[{"embeddable":true,"href":"https:\/\/cronicadesoledad.com\/index.php\/wp-json\/wp\/v2\/users\/2"}],"replies":[{"embeddable":true,"href":"https:\/\/cronicadesoledad.com\/index.php\/wp-json\/wp\/v2\/comments?post=12130"}],"version-history":[{"count":1,"href":"https:\/\/cronicadesoledad.com\/index.php\/wp-json\/wp\/v2\/posts\/12130\/revisions"}],"predecessor-version":[{"id":12132,"href":"https:\/\/cronicadesoledad.com\/index.php\/wp-json\/wp\/v2\/posts\/12130\/revisions\/12132"}],"wp:featuredmedia":[{"embeddable":true,"href":"https:\/\/cronicadesoledad.com\/index.php\/wp-json\/wp\/v2\/media\/12131"}],"wp:attachment":[{"href":"https:\/\/cronicadesoledad.com\/index.php\/wp-json\/wp\/v2\/media?parent=12130"}],"wp:term":[{"taxonomy":"category","embeddable":true,"href":"https:\/\/cronicadesoledad.com\/index.php\/wp-json\/wp\/v2\/categories?post=12130"},{"taxonomy":"post_tag","embeddable":true,"href":"https:\/\/cronicadesoledad.com\/index.php\/wp-json\/wp\/v2\/tags?post=12130"}],"curies":[{"name":"wp","href":"https:\/\/api.w.org\/{rel}","templated":true}]}}