{"id":12158,"date":"2024-09-02T23:24:43","date_gmt":"2024-09-03T05:24:43","guid":{"rendered":"https:\/\/cronicadesoledad.com\/?p=12158"},"modified":"2024-09-02T23:24:44","modified_gmt":"2024-09-03T05:24:44","slug":"ayuntamiento-de-villa-de-pozos-inicia-operaciones-en-octubre","status":"publish","type":"post","link":"https:\/\/cronicadesoledad.com\/index.php\/2024\/09\/02\/ayuntamiento-de-villa-de-pozos-inicia-operaciones-en-octubre\/","title":{"rendered":"Ayuntamiento de Villa de Pozos inicia operaciones en octubre"},"content":{"rendered":"\n<p>En el mes de octubre, el Ayuntamiento de Villa de Pozos comenzar\u00e1 sus funciones, y para garantizar el correcto inicio de su administraci\u00f3n, el Concejo Municipal firmar\u00e1 una serie de convenios con el gobierno estatal. Estos acuerdos permitir\u00e1n que, durante los primeros meses, servicios como seguridad y tr\u00e1nsito sean proporcionados por el gobierno del estado, mientras el nuevo municipio gestiona los recursos necesarios para operar de manera independiente. Guadalupe Torres S\u00e1nchez, titular de la Secretar\u00eda General de Gobierno (SGG), confirm\u00f3 que el gobernador Ricardo Gallardo encabezar\u00e1 una reuni\u00f3n de trabajo la pr\u00f3xima semana en Villa de Pozos, con el fin de dar continuidad a la transici\u00f3n municipal decretada por el Congreso de San Luis Potos\u00ed.<\/p>\n\n\n\n<p>Enrique Galindo, alcalde reelecto de la capital, de la cual Villa de Pozos formaba parte anteriormente, tambi\u00e9n participar\u00e1 en dicha reuni\u00f3n. Durante el encuentro, el gobierno estatal ofrecer\u00e1 su apoyo al Concejo Municipal de Villa de Pozos para facilitar el inicio de sus funciones administrativas y operativas como nuevo municipio.<\/p>\n\n\n\n<p>Torres S\u00e1nchez explic\u00f3 que, a trav\u00e9s de un posible convenio de comodato, la Guardia Civil Estatal, perteneciente a la Secretar\u00eda de Seguridad y Participaci\u00f3n Ciudadana, proporcionar\u00e1 veh\u00edculos para tareas de vigilancia hasta que el nuevo municipio adquiera o arriende sus propias unidades. Adem\u00e1s, se desplegar\u00e1n fuerzas operativas de la Guardia Civil Estatal en Villa de Pozos durante unos meses para tareas de seguridad, proximidad social y ordenamiento vial.<\/p>\n\n\n\n<p>El secretario agreg\u00f3 que es probable que parte de la pr\u00f3xima generaci\u00f3n de la Guardia Civil Estatal, compuesta por 300 elementos que egresan en diciembre, sea incorporada a la futura corporaci\u00f3n policial de Villa de Pozos. Asimismo, la Coordinaci\u00f3n Estatal para el Fortalecimiento de los Municipios ofrecer\u00e1 capacitaci\u00f3n expr\u00e9s a los funcionarios municipales de Villa de Pozos sobre las reglas de operaci\u00f3n y uso de los recursos de los ramos federales 28 y 33, principales fuentes de financiamiento para los municipios.<\/p>\n\n\n\n<p>Enrique Galindo ha mostrado disposici\u00f3n para colaborar con el nuevo municipio en su proceso de establecimiento y funcionamiento a partir de octubre. La reuni\u00f3n entre las autoridades estatales y municipales se llevar\u00e1 a cabo la pr\u00f3xima semana en la sede del Palacio Municipal de Villa de Pozos. Finalmente, Torres S\u00e1nchez confirm\u00f3 que el tercer informe del gobernador Ricardo Gallardo se realizar\u00e1 el lunes 23 de septiembre en el municipio de Matehuala, con el horario a\u00fan por definir.<\/p>\n","protected":false},"excerpt":{"rendered":"<p>En el mes de octubre, el Ayuntamiento de Villa de Pozos comenzar\u00e1 sus funciones, y para garantizar el correcto inicio de su administraci\u00f3n, el Concejo Municipal firmar\u00e1 una serie de convenios con el gobierno estatal. Estos acuerdos permitir\u00e1n que, durante los primeros meses, servicios como seguridad y tr\u00e1nsito sean proporcionados por el gobierno del estado, [&hellip;]<\/p>\n","protected":false},"author":2,"featured_media":12159,"comment_status":"open","ping_status":"open","sticky":false,"template":"","format":"standard","meta":{"footnotes":""},"categories":[30,24],"tags":[2651,294,261,1068],"class_list":{"0":"post-12158","1":"post","2":"type-post","3":"status-publish","4":"format-standard","5":"has-post-thumbnail","7":"category-de-la-region-centro","8":"category-informacion-general","9":"tag-de-la-region-centro-2","10":"tag-san-luis","11":"tag-slp","12":"tag-villa-de-pozos"},"_links":{"self":[{"href":"https:\/\/cronicadesoledad.com\/index.php\/wp-json\/wp\/v2\/posts\/12158","targetHints":{"allow":["GET"]}}],"collection":[{"href":"https:\/\/cronicadesoledad.com\/index.php\/wp-json\/wp\/v2\/posts"}],"about":[{"href":"https:\/\/cronicadesoledad.com\/index.php\/wp-json\/wp\/v2\/types\/post"}],"author":[{"embeddable":true,"href":"https:\/\/cronicadesoledad.com\/index.php\/wp-json\/wp\/v2\/users\/2"}],"replies":[{"embeddable":true,"href":"https:\/\/cronicadesoledad.com\/index.php\/wp-json\/wp\/v2\/comments?post=12158"}],"version-history":[{"count":1,"href":"https:\/\/cronicadesoledad.com\/index.php\/wp-json\/wp\/v2\/posts\/12158\/revisions"}],"predecessor-version":[{"id":12160,"href":"https:\/\/cronicadesoledad.com\/index.php\/wp-json\/wp\/v2\/posts\/12158\/revisions\/12160"}],"wp:featuredmedia":[{"embeddable":true,"href":"https:\/\/cronicadesoledad.com\/index.php\/wp-json\/wp\/v2\/media\/12159"}],"wp:attachment":[{"href":"https:\/\/cronicadesoledad.com\/index.php\/wp-json\/wp\/v2\/media?parent=12158"}],"wp:term":[{"taxonomy":"category","embeddable":true,"href":"https:\/\/cronicadesoledad.com\/index.php\/wp-json\/wp\/v2\/categories?post=12158"},{"taxonomy":"post_tag","embeddable":true,"href":"https:\/\/cronicadesoledad.com\/index.php\/wp-json\/wp\/v2\/tags?post=12158"}],"curies":[{"name":"wp","href":"https:\/\/api.w.org\/{rel}","templated":true}]}}