{"id":12165,"date":"2024-09-03T17:35:39","date_gmt":"2024-09-03T23:35:39","guid":{"rendered":"https:\/\/cronicadesoledad.com\/?p=12165"},"modified":"2024-09-03T17:35:39","modified_gmt":"2024-09-03T23:35:39","slug":"soledad-organiza-celebraciones-por-las-fiestas-patrias","status":"publish","type":"post","link":"https:\/\/cronicadesoledad.com\/index.php\/2024\/09\/03\/soledad-organiza-celebraciones-por-las-fiestas-patrias\/","title":{"rendered":"Soledad organiza celebraciones por las Fiestas Patrias"},"content":{"rendered":"\n<p>El Ayuntamiento de Soledad de Graciano S\u00e1nchez ha comenzado la decoraci\u00f3n de la Presidencia Municipal con los colores verde, blanco y rojo, con el objetivo de conmemorar la Independencia de M\u00e9xico. La decoraci\u00f3n incluye tanto el interior como la fachada del edificio, y se ha colocado en el patio central con telas tricolores, banderines y escudos que reflejan la historia del pa\u00eds.<\/p>\n\n\n\n<p>Para la celebraci\u00f3n de las Fiestas Patrias, el Ayuntamiento est\u00e1 organizando dos eventos principales: el Grito de Independencia y el Desfile de Independencia. La ceremonia del Grito de Independencia se realizar\u00e1 el 15 de septiembre en la Plaza Principal, donde se ofrecer\u00e1n antojitos mexicanos, m\u00fasica en vivo y actividades para familias. Este evento est\u00e1 dise\u00f1ado para atraer a residentes y visitantes.<\/p>\n\n\n\n<p>El Desfile de Independencia tendr\u00e1 lugar el 16 de septiembre y recorrer\u00e1 las principales calles de Soledad. Este desfile busca destacar el evento hist\u00f3rico de la Independencia y apoyar la participaci\u00f3n c\u00edvica.<\/p>\n\n\n\n<p>El Ayuntamiento de Soledad de Graciano S\u00e1nchez ha subrayado la importancia de estos eventos para fortalecer el sentido de identidad y promover la participaci\u00f3n en las tradiciones nacionales.<\/p>\n","protected":false},"excerpt":{"rendered":"<p>El Ayuntamiento de Soledad de Graciano S\u00e1nchez ha comenzado la decoraci\u00f3n de la Presidencia Municipal con los colores verde, blanco y rojo, con el objetivo de conmemorar la Independencia de M\u00e9xico. La decoraci\u00f3n incluye tanto el interior como la fachada del edificio, y se ha colocado en el patio central con telas tricolores, banderines y [&hellip;]<\/p>\n","protected":false},"author":2,"featured_media":12166,"comment_status":"open","ping_status":"open","sticky":false,"template":"","format":"standard","meta":{"footnotes":""},"categories":[1,24],"tags":[2368,759,2670,2671,294,27],"class_list":{"0":"post-12165","1":"post","2":"type-post","3":"status-publish","4":"format-standard","5":"has-post-thumbnail","7":"category-destacadas","8":"category-informacion-general","9":"tag-ayuntamiento","10":"tag-desfile","11":"tag-fiestas-patrias","12":"tag-independencia","13":"tag-san-luis","14":"tag-soledad"},"_links":{"self":[{"href":"https:\/\/cronicadesoledad.com\/index.php\/wp-json\/wp\/v2\/posts\/12165","targetHints":{"allow":["GET"]}}],"collection":[{"href":"https:\/\/cronicadesoledad.com\/index.php\/wp-json\/wp\/v2\/posts"}],"about":[{"href":"https:\/\/cronicadesoledad.com\/index.php\/wp-json\/wp\/v2\/types\/post"}],"author":[{"embeddable":true,"href":"https:\/\/cronicadesoledad.com\/index.php\/wp-json\/wp\/v2\/users\/2"}],"replies":[{"embeddable":true,"href":"https:\/\/cronicadesoledad.com\/index.php\/wp-json\/wp\/v2\/comments?post=12165"}],"version-history":[{"count":1,"href":"https:\/\/cronicadesoledad.com\/index.php\/wp-json\/wp\/v2\/posts\/12165\/revisions"}],"predecessor-version":[{"id":12167,"href":"https:\/\/cronicadesoledad.com\/index.php\/wp-json\/wp\/v2\/posts\/12165\/revisions\/12167"}],"wp:featuredmedia":[{"embeddable":true,"href":"https:\/\/cronicadesoledad.com\/index.php\/wp-json\/wp\/v2\/media\/12166"}],"wp:attachment":[{"href":"https:\/\/cronicadesoledad.com\/index.php\/wp-json\/wp\/v2\/media?parent=12165"}],"wp:term":[{"taxonomy":"category","embeddable":true,"href":"https:\/\/cronicadesoledad.com\/index.php\/wp-json\/wp\/v2\/categories?post=12165"},{"taxonomy":"post_tag","embeddable":true,"href":"https:\/\/cronicadesoledad.com\/index.php\/wp-json\/wp\/v2\/tags?post=12165"}],"curies":[{"name":"wp","href":"https:\/\/api.w.org\/{rel}","templated":true}]}}