{"id":12173,"date":"2024-09-03T21:55:59","date_gmt":"2024-09-04T03:55:59","guid":{"rendered":"https:\/\/cronicadesoledad.com\/?p=12173"},"modified":"2024-09-03T21:56:00","modified_gmt":"2024-09-04T03:56:00","slug":"destaca-soledad-en-el-impulso-laboral","status":"publish","type":"post","link":"https:\/\/cronicadesoledad.com\/index.php\/2024\/09\/03\/destaca-soledad-en-el-impulso-laboral\/","title":{"rendered":"Destaca Soledad en el impulso laboral"},"content":{"rendered":"\n<p>Durante los \u00faltimos tres a\u00f1os, el Ayuntamiento de Soledad de Graciano S\u00e1nchez, a trav\u00e9s de la Direcci\u00f3n de Desarrollo Econ\u00f3mico, logr\u00f3 importantes avances en la generaci\u00f3n de empleos y apoyo a la poblaci\u00f3n, atendiendo a m\u00e1s de 12 mil personas mediante programas como la bolsa de empleo, jornadas laborales, Caravanas y Ferias de empleo, donde destac\u00f3 la colocaci\u00f3n de las y los solicitantes de empleo en estas actividades, resaltando el apoyo espec\u00edfico a adultos mayores y personas con discapacidad.<\/p>\n\n\n\n<p>Esta dependencia municipal inform\u00f3 que durante el per\u00edodo comprendido entre el 1 de octubre de 2021 y el 31 de mayo de 2024, uno de los pilares de esta gesti\u00f3n fue el programa de bolsa de empleo, que facilit\u00f3 la conexi\u00f3n entre empresas y personas en b\u00fasqueda de empleo, atendiendo a un total de dos mil 283 personas, de las cuales mil 18 fueron mujeres y mil 265 hombres.<\/p>\n\n\n\n<p>Atendiendo las solicitudes de las empresas para instalar sus m\u00f3dulos de reclutamiento de personal, se llevaron a cabo 565 jornadas laborales en la Plaza Principal y en diversas colonias del municipio, beneficiando a tres mil 979 personas; de estos, mil 901 fueron mujeres y dos mil 078 hombres. Las Caravanas de empleo tambi\u00e9n tuvieron un impacto considerable, con 369 eventos realizados en diferentes colonias y tianguis, atendiendo a dos mil 150 personas, incluyendo mil 12 mujeres y mil 138 hombres.<\/p>\n\n\n\n<p>Destacaron durante este periodo las 11 Ferias del Empleo realizadas en la Explanada del Jard\u00edn Principal y en el Patio de presidencia, donde se atendieron a seis mil 618 personas, entre ellas dos mil 547 mujeres y 4 mil 71 hombres; en colaboraci\u00f3n con el Servicio Nacional de Empleo, se organiz\u00f3 una Feria adicional en el Auditorio Municipal, con una atenci\u00f3n especial a 482 adultos mayores y 370 personas con discapacidad.<\/p>\n\n\n\n<p>Durante los meses de junio, julio y agosto de 2024, la Direcci\u00f3n de Desarrollo Econ\u00f3mico, mantuvo su ritmo de trabajo atendiendo a 307 personas a trav\u00e9s del programa de bolsa de empleo, siendo 139 mujeres y 168 hombres; se realizaron 40 jornadas laborales en el Jard\u00edn principal, con 229 personas atendidas, 119 mujeres y 110 hombres; adem\u00e1s, se llevaron a cabo 18 Caravanas de empleo en diversas colonias y tianguis, beneficiando a 108 personas, y una feria de empleo adicional en agosto de 2024 donde se atendieron a 896 personas.<\/p>\n","protected":false},"excerpt":{"rendered":"<p>Durante los \u00faltimos tres a\u00f1os, el Ayuntamiento de Soledad de Graciano S\u00e1nchez, a trav\u00e9s de la Direcci\u00f3n de Desarrollo Econ\u00f3mico, logr\u00f3 importantes avances en la generaci\u00f3n de empleos y apoyo a la poblaci\u00f3n, atendiendo a m\u00e1s de 12 mil personas mediante programas como la bolsa de empleo, jornadas laborales, Caravanas y Ferias de empleo, donde [&hellip;]<\/p>\n","protected":false},"author":2,"featured_media":12174,"comment_status":"open","ping_status":"open","sticky":false,"template":"","format":"standard","meta":{"footnotes":""},"categories":[24,21],"tags":[223,2673,294,261,27,2512],"class_list":{"0":"post-12173","1":"post","2":"type-post","3":"status-publish","4":"format-standard","5":"has-post-thumbnail","7":"category-informacion-general","8":"category-tu-soledad","9":"tag-ayuntamiento-soledense","10":"tag-impulso-laboral","11":"tag-san-luis","12":"tag-slp","13":"tag-soledad","14":"tag-trabajo"},"_links":{"self":[{"href":"https:\/\/cronicadesoledad.com\/index.php\/wp-json\/wp\/v2\/posts\/12173","targetHints":{"allow":["GET"]}}],"collection":[{"href":"https:\/\/cronicadesoledad.com\/index.php\/wp-json\/wp\/v2\/posts"}],"about":[{"href":"https:\/\/cronicadesoledad.com\/index.php\/wp-json\/wp\/v2\/types\/post"}],"author":[{"embeddable":true,"href":"https:\/\/cronicadesoledad.com\/index.php\/wp-json\/wp\/v2\/users\/2"}],"replies":[{"embeddable":true,"href":"https:\/\/cronicadesoledad.com\/index.php\/wp-json\/wp\/v2\/comments?post=12173"}],"version-history":[{"count":1,"href":"https:\/\/cronicadesoledad.com\/index.php\/wp-json\/wp\/v2\/posts\/12173\/revisions"}],"predecessor-version":[{"id":12175,"href":"https:\/\/cronicadesoledad.com\/index.php\/wp-json\/wp\/v2\/posts\/12173\/revisions\/12175"}],"wp:featuredmedia":[{"embeddable":true,"href":"https:\/\/cronicadesoledad.com\/index.php\/wp-json\/wp\/v2\/media\/12174"}],"wp:attachment":[{"href":"https:\/\/cronicadesoledad.com\/index.php\/wp-json\/wp\/v2\/media?parent=12173"}],"wp:term":[{"taxonomy":"category","embeddable":true,"href":"https:\/\/cronicadesoledad.com\/index.php\/wp-json\/wp\/v2\/categories?post=12173"},{"taxonomy":"post_tag","embeddable":true,"href":"https:\/\/cronicadesoledad.com\/index.php\/wp-json\/wp\/v2\/tags?post=12173"}],"curies":[{"name":"wp","href":"https:\/\/api.w.org\/{rel}","templated":true}]}}