{"id":12184,"date":"2024-09-04T20:47:28","date_gmt":"2024-09-05T02:47:28","guid":{"rendered":"https:\/\/cronicadesoledad.com\/?p=12184"},"modified":"2024-09-04T20:47:30","modified_gmt":"2024-09-05T02:47:30","slug":"continua-proyeccion-de-cine-documental","status":"publish","type":"post","link":"https:\/\/cronicadesoledad.com\/index.php\/2024\/09\/04\/continua-proyeccion-de-cine-documental\/","title":{"rendered":"Contin\u00faa proyecci\u00f3n de cine documental"},"content":{"rendered":"\n<p>Soledad de Graciano S\u00e1nchez sigue consolid\u00e1ndose como un referente cultural en el Estado de San Luis Potos\u00ed, continuando con las proyecciones del ciclo &#8220;Ambulante Presenta 2024&#8221;, con entrada libre en el Centro Cultural y Teatro &#8220;Doroteo Arango&#8221;; durante el mes de septiembre, el p\u00fablico podr\u00e1 disfrutar de tres documentales que abordan tem\u00e1ticas relevantes y actuales que despiertan la reflexi\u00f3n y el di\u00e1logo.<\/p>\n\n\n\n<p>Este jueves 5 de septiembre se exhibir\u00e1 &#8220;Soundtrack para un golpe de estado&#8221;, un documental reciente dirigido por Johan Grimonprez en 2024, que promete ofrecer una perspectiva diferente sobre los acontecimientos pol\u00edticos contempor\u00e1neos, a trav\u00e9s de una exploraci\u00f3n sonora y visual que invita a la reflexi\u00f3n sobre el poder y la resistencia.<\/p>\n\n\n\n<p>El 19 de septiembre, las y los asistentes podr\u00e1n ver &#8220;Te nombr\u00e9 en silencio&#8221;, una producci\u00f3n del 2021 dirigida por Jos\u00e9 Mar\u00eda Espinosa de los Monteros, este documental aborda con sensibilidad y profundidad la lucha de las mujeres en M\u00e9xico, revelando historias de valent\u00eda y resiliencia en medio de la adversidad.<\/p>\n\n\n\n<p>Para cerrar el mes, el 26 de septiembre se proyectar\u00e1 &#8220;Malqueridas&#8221;, dirigida por Tana Gilbert en 2023, este documental ofrece una mirada \u00edntima y poderosa sobre las vidas de mujeres que desaf\u00edan las expectativas sociales y luchan por su dignidad y autonom\u00eda.<\/p>\n\n\n\n<p>Finalmente, el ciclo de proyecciones culminar\u00e1 el 3 de octubre con &#8220;Ambulantito: Del espacio exterior al mundo interior&#8221;, una muestra especialmente dise\u00f1ada para deleitar a p\u00fablicos de todas las edades, siendo una oportunidad para que las y los m\u00e1s peque\u00f1os y sus familias disfruten del cine documental inclusivo y accesible.<\/p>\n\n\n\n<p>\u201cAmbulante Presenta\u201d es una propuesta de Ambulante A.C. que, a trav\u00e9s de la Direcci\u00f3n de Cultura Municipal, busca promover la exhibici\u00f3n colaborativa del cine documental, facilitando el acceso igualitario al cine, adem\u00e1s de enriquecer la experiencia cultural de las y los participantes para crear un v\u00ednculo m\u00e1s estrecho entre la comunidad y las historias que se cuentan en la pantalla.<\/p>\n","protected":false},"excerpt":{"rendered":"<p>Soledad de Graciano S\u00e1nchez sigue consolid\u00e1ndose como un referente cultural en el Estado de San Luis Potos\u00ed, continuando con las proyecciones del ciclo &#8220;Ambulante Presenta 2024&#8221;, con entrada libre en el Centro Cultural y Teatro &#8220;Doroteo Arango&#8221;; durante el mes de septiembre, el p\u00fablico podr\u00e1 disfrutar de tres documentales que abordan tem\u00e1ticas relevantes y actuales [&hellip;]<\/p>\n","protected":false},"author":2,"featured_media":12185,"comment_status":"open","ping_status":"open","sticky":false,"template":"","format":"standard","meta":{"footnotes":""},"categories":[24,21],"tags":[223,312,2674,2041,294,261,27],"class_list":{"0":"post-12184","1":"post","2":"type-post","3":"status-publish","4":"format-standard","5":"has-post-thumbnail","7":"category-informacion-general","8":"category-tu-soledad","9":"tag-ayuntamiento-soledense","10":"tag-cine","11":"tag-cine-documental","12":"tag-peliculas","13":"tag-san-luis","14":"tag-slp","15":"tag-soledad"},"_links":{"self":[{"href":"https:\/\/cronicadesoledad.com\/index.php\/wp-json\/wp\/v2\/posts\/12184","targetHints":{"allow":["GET"]}}],"collection":[{"href":"https:\/\/cronicadesoledad.com\/index.php\/wp-json\/wp\/v2\/posts"}],"about":[{"href":"https:\/\/cronicadesoledad.com\/index.php\/wp-json\/wp\/v2\/types\/post"}],"author":[{"embeddable":true,"href":"https:\/\/cronicadesoledad.com\/index.php\/wp-json\/wp\/v2\/users\/2"}],"replies":[{"embeddable":true,"href":"https:\/\/cronicadesoledad.com\/index.php\/wp-json\/wp\/v2\/comments?post=12184"}],"version-history":[{"count":1,"href":"https:\/\/cronicadesoledad.com\/index.php\/wp-json\/wp\/v2\/posts\/12184\/revisions"}],"predecessor-version":[{"id":12186,"href":"https:\/\/cronicadesoledad.com\/index.php\/wp-json\/wp\/v2\/posts\/12184\/revisions\/12186"}],"wp:featuredmedia":[{"embeddable":true,"href":"https:\/\/cronicadesoledad.com\/index.php\/wp-json\/wp\/v2\/media\/12185"}],"wp:attachment":[{"href":"https:\/\/cronicadesoledad.com\/index.php\/wp-json\/wp\/v2\/media?parent=12184"}],"wp:term":[{"taxonomy":"category","embeddable":true,"href":"https:\/\/cronicadesoledad.com\/index.php\/wp-json\/wp\/v2\/categories?post=12184"},{"taxonomy":"post_tag","embeddable":true,"href":"https:\/\/cronicadesoledad.com\/index.php\/wp-json\/wp\/v2\/tags?post=12184"}],"curies":[{"name":"wp","href":"https:\/\/api.w.org\/{rel}","templated":true}]}}