{"id":12187,"date":"2024-09-05T17:21:38","date_gmt":"2024-09-05T23:21:38","guid":{"rendered":"https:\/\/cronicadesoledad.com\/?p=12187"},"modified":"2024-09-05T17:21:39","modified_gmt":"2024-09-05T23:21:39","slug":"apoyo-a-estudiantes-con-yo-te-escucho","status":"publish","type":"post","link":"https:\/\/cronicadesoledad.com\/index.php\/2024\/09\/05\/apoyo-a-estudiantes-con-yo-te-escucho\/","title":{"rendered":"Apoyo a estudiantes con &#8220;Yo Te Escucho&#8221;"},"content":{"rendered":"\n<p>El programa &#8220;Yo Te Escucho&#8221;, implementado por la Unidad de Atenci\u00f3n de Violencia Intrafamiliar (UAVI) de la Seguridad P\u00fablica Municipal de Soledad de Graciano S\u00e1nchez, busca ofrecer apoyo a estudiantes que enfrentan problemas en su entorno familiar y que se reflejan en su comportamiento escolar. Con visitas programadas a diversas instituciones educativas, se atiende a alumnos que han sido identificados por sus escuelas como personas que requieren intervenci\u00f3n.<\/p>\n\n\n\n<p>En los \u00faltimos d\u00edas, el programa se ha llevado a cabo en la primaria &#8220;Rafael Curiel Gallegos&#8221; de la colonia Quintas de la Hacienda y la secundaria &#8220;Ignacio Manuel Altamirano&#8221; de la colonia Las Palmas. A trav\u00e9s de estas visitas, se ha brindado atenci\u00f3n a estudiantes de entre 7 y 15 a\u00f1os, con el objetivo de abordar las problem\u00e1ticas familiares que inciden en su desempe\u00f1o y comportamiento en el aula.<\/p>\n\n\n\n<p>El enfoque del programa se basa en una serie de cinco sesiones, donde los menores tienen la oportunidad de expresar sus sentimientos y las dificultades que enfrentan en casa. Tras estas intervenciones, se convoca a los padres de familia para hacerles part\u00edcipes del proceso y ofrecerles asesor\u00eda gratuita por parte de UAVI. Adem\u00e1s, se da seguimiento a cada caso para fomentar un cambio positivo tanto en el estudiante como en su entorno familiar.<\/p>\n\n\n\n<p>Con esta iniciativa, la Seguridad P\u00fablica de Soledad busca prevenir conductas que puedan afectar el desarrollo de los menores y generar un impacto positivo en su vida, contribuyendo a una convivencia m\u00e1s saludable en el \u00e1mbito escolar y familiar.<\/p>\n","protected":false},"excerpt":{"rendered":"<p>El programa &#8220;Yo Te Escucho&#8221;, implementado por la Unidad de Atenci\u00f3n de Violencia Intrafamiliar (UAVI) de la Seguridad P\u00fablica Municipal de Soledad de Graciano S\u00e1nchez, busca ofrecer apoyo a estudiantes que enfrentan problemas en su entorno familiar y que se reflejan en su comportamiento escolar. Con visitas programadas a diversas instituciones educativas, se atiende a [&hellip;]<\/p>\n","protected":false},"author":2,"featured_media":12188,"comment_status":"open","ping_status":"open","sticky":false,"template":"","format":"standard","meta":{"footnotes":""},"categories":[24],"tags":[446,256,294,27,2509,2675],"class_list":{"0":"post-12187","1":"post","2":"type-post","3":"status-publish","4":"format-standard","5":"has-post-thumbnail","7":"category-informacion-general","8":"tag-apoyo","9":"tag-estudiantes","10":"tag-san-luis","11":"tag-soledad","12":"tag-uavi","13":"tag-yo-te-escucho"},"_links":{"self":[{"href":"https:\/\/cronicadesoledad.com\/index.php\/wp-json\/wp\/v2\/posts\/12187","targetHints":{"allow":["GET"]}}],"collection":[{"href":"https:\/\/cronicadesoledad.com\/index.php\/wp-json\/wp\/v2\/posts"}],"about":[{"href":"https:\/\/cronicadesoledad.com\/index.php\/wp-json\/wp\/v2\/types\/post"}],"author":[{"embeddable":true,"href":"https:\/\/cronicadesoledad.com\/index.php\/wp-json\/wp\/v2\/users\/2"}],"replies":[{"embeddable":true,"href":"https:\/\/cronicadesoledad.com\/index.php\/wp-json\/wp\/v2\/comments?post=12187"}],"version-history":[{"count":1,"href":"https:\/\/cronicadesoledad.com\/index.php\/wp-json\/wp\/v2\/posts\/12187\/revisions"}],"predecessor-version":[{"id":12189,"href":"https:\/\/cronicadesoledad.com\/index.php\/wp-json\/wp\/v2\/posts\/12187\/revisions\/12189"}],"wp:featuredmedia":[{"embeddable":true,"href":"https:\/\/cronicadesoledad.com\/index.php\/wp-json\/wp\/v2\/media\/12188"}],"wp:attachment":[{"href":"https:\/\/cronicadesoledad.com\/index.php\/wp-json\/wp\/v2\/media?parent=12187"}],"wp:term":[{"taxonomy":"category","embeddable":true,"href":"https:\/\/cronicadesoledad.com\/index.php\/wp-json\/wp\/v2\/categories?post=12187"},{"taxonomy":"post_tag","embeddable":true,"href":"https:\/\/cronicadesoledad.com\/index.php\/wp-json\/wp\/v2\/tags?post=12187"}],"curies":[{"name":"wp","href":"https:\/\/api.w.org\/{rel}","templated":true}]}}