{"id":12236,"date":"2024-09-10T15:50:20","date_gmt":"2024-09-10T21:50:20","guid":{"rendered":"https:\/\/cronicadesoledad.com\/?p=12236"},"modified":"2024-09-10T15:50:20","modified_gmt":"2024-09-10T21:50:20","slug":"sin-denuncias-formales-contra-policia-de-soledad","status":"publish","type":"post","link":"https:\/\/cronicadesoledad.com\/index.php\/2024\/09\/10\/sin-denuncias-formales-contra-policia-de-soledad\/","title":{"rendered":"Sin denuncias formales contra polic\u00eda de Soledad"},"content":{"rendered":"\n<p>El titular de la Guardia Civil Municipal de Soledad de Graciano S\u00e1nchez, Jorge Ram\u00edrez Leyva, inform\u00f3 que hasta el momento no se ha presentado ninguna denuncia formal en contra de los elementos de esta corporaci\u00f3n, pese a una reciente denuncia p\u00fablica.<\/p>\n\n\n\n<p>El incidente se dio a conocer a trav\u00e9s de la Asociaci\u00f3n Mexicana de Plataformas Tecnol\u00f3gicas, que se\u00f1al\u00f3 un presunto intento de abuso por parte de un polic\u00eda municipal en el cruce de las avenidas G\u00e1lvez y La Libertad, donde un oficial habr\u00eda intentado arrebatar el tel\u00e9fono m\u00f3vil a un conductor. Sin embargo, Ram\u00edrez Leyva aclar\u00f3 que, aunque existe esta denuncia p\u00fablica, no se ha recibido un reporte formal al respecto.<\/p>\n\n\n\n<p>Ram\u00edrez Leyva subray\u00f3 que la corporaci\u00f3n se mantiene alerta y sigue fortaleciendo la capacitaci\u00f3n de sus elementos, con el objetivo de garantizar una relaci\u00f3n de proximidad social con los ciudadanos. Asegur\u00f3 que los polic\u00edas municipales de Soledad son sometidos a evaluaciones constantes para evitar conductas indebidas y corrupci\u00f3n. Adem\u00e1s, destac\u00f3 que todos los elementos han aprobado satisfactoriamente los ex\u00e1menes de control de confianza, que se realizan a nivel estatal.<\/p>\n\n\n\n<p>El comandante tambi\u00e9n asegur\u00f3 que, de presentarse una queja formal, se llevar\u00edan a cabo los protocolos correspondientes, aplicando sanciones administrativas o remitiendo el caso a las autoridades estatales, seg\u00fan sea necesario.<\/p>\n","protected":false},"excerpt":{"rendered":"<p>El titular de la Guardia Civil Municipal de Soledad de Graciano S\u00e1nchez, Jorge Ram\u00edrez Leyva, inform\u00f3 que hasta el momento no se ha presentado ninguna denuncia formal en contra de los elementos de esta corporaci\u00f3n, pese a una reciente denuncia p\u00fablica. El incidente se dio a conocer a trav\u00e9s de la Asociaci\u00f3n Mexicana de Plataformas [&hellip;]<\/p>\n","protected":false},"author":2,"featured_media":12228,"comment_status":"open","ping_status":"open","sticky":false,"template":"","format":"standard","meta":{"footnotes":""},"categories":[24],"tags":[2688,2391,2435,2692,367,261,27],"class_list":{"0":"post-12236","1":"post","2":"type-post","3":"status-publish","4":"format-standard","5":"has-post-thumbnail","7":"category-informacion-general","8":"tag-abuso-policial","9":"tag-denuncias","10":"tag-guardia-municipal","11":"tag-negacion","12":"tag-policia","13":"tag-slp","14":"tag-soledad"},"_links":{"self":[{"href":"https:\/\/cronicadesoledad.com\/index.php\/wp-json\/wp\/v2\/posts\/12236","targetHints":{"allow":["GET"]}}],"collection":[{"href":"https:\/\/cronicadesoledad.com\/index.php\/wp-json\/wp\/v2\/posts"}],"about":[{"href":"https:\/\/cronicadesoledad.com\/index.php\/wp-json\/wp\/v2\/types\/post"}],"author":[{"embeddable":true,"href":"https:\/\/cronicadesoledad.com\/index.php\/wp-json\/wp\/v2\/users\/2"}],"replies":[{"embeddable":true,"href":"https:\/\/cronicadesoledad.com\/index.php\/wp-json\/wp\/v2\/comments?post=12236"}],"version-history":[{"count":1,"href":"https:\/\/cronicadesoledad.com\/index.php\/wp-json\/wp\/v2\/posts\/12236\/revisions"}],"predecessor-version":[{"id":12237,"href":"https:\/\/cronicadesoledad.com\/index.php\/wp-json\/wp\/v2\/posts\/12236\/revisions\/12237"}],"wp:featuredmedia":[{"embeddable":true,"href":"https:\/\/cronicadesoledad.com\/index.php\/wp-json\/wp\/v2\/media\/12228"}],"wp:attachment":[{"href":"https:\/\/cronicadesoledad.com\/index.php\/wp-json\/wp\/v2\/media?parent=12236"}],"wp:term":[{"taxonomy":"category","embeddable":true,"href":"https:\/\/cronicadesoledad.com\/index.php\/wp-json\/wp\/v2\/categories?post=12236"},{"taxonomy":"post_tag","embeddable":true,"href":"https:\/\/cronicadesoledad.com\/index.php\/wp-json\/wp\/v2\/tags?post=12236"}],"curies":[{"name":"wp","href":"https:\/\/api.w.org\/{rel}","templated":true}]}}