{"id":12244,"date":"2024-09-10T23:56:09","date_gmt":"2024-09-11T05:56:09","guid":{"rendered":"https:\/\/cronicadesoledad.com\/?p=12244"},"modified":"2024-09-10T23:56:09","modified_gmt":"2024-09-11T05:56:09","slug":"conmemoraron-el-dia-internacional-de-la-prevencion-del-suicidio","status":"publish","type":"post","link":"https:\/\/cronicadesoledad.com\/index.php\/2024\/09\/10\/conmemoraron-el-dia-internacional-de-la-prevencion-del-suicidio\/","title":{"rendered":"Conmemoraron el D\u00eda Internacional de la Prevenci\u00f3n del Suicidio"},"content":{"rendered":"\n<p>El Ayuntamiento de Soledad de Graciano S\u00e1nchez, a trav\u00e9s de la Direcci\u00f3n de Educaci\u00f3n y Acci\u00f3n C\u00edvica, contin\u00faa avanzando en su esfuerzo por crear espacios seguros y saludables en los planteles educativos, por ello, como parte del Operativo \u201cEscuela segura, Sigamos adelante\u201d, se llev\u00f3 a cabo una actividad en el marco del D\u00eda Internacional de la Prevenci\u00f3n del Suicidio, en la Escuela Secundaria T\u00e9cnica #79.<\/p>\n\n\n\n<p>Con el apoyo del Secretariado Ejecutivo del Sistema Estatal de Seguridad P\u00fablica (SESESP) y la Unidad de Atenci\u00f3n a la Violencia Intrafamiliar de la Direcci\u00f3n General de Seguridad P\u00fablica Municipal, se busca brindar a las y los j\u00f3venes herramientas emocionales y psicol\u00f3gicas que les permitan enfrentar situaciones dif\u00edciles.<\/p>\n\n\n\n<p>La charla de prevenci\u00f3n fue dirigida especialmente a las y los alumnos de nivel secundaria, a trav\u00e9s de estas pl\u00e1ticas, se busca generar conciencia y dotar a los estudiantes de estrategias para reconocer signos de alerta, as\u00ed como fomentar el di\u00e1logo y el apoyo mutuo entre compa\u00f1eros.<\/p>\n\n\n\n<p>En este esfuerzo, contamos con la valiosa participaci\u00f3n de estudiantes de carreras de Psicolog\u00eda, quienes contribuyeron con su experiencia y conocimiento para enriquecer las sesiones, en un ambiente de confianza y escucha, para garantizar un mejor futuro para todas y todos.<\/p>\n","protected":false},"excerpt":{"rendered":"<p>El Ayuntamiento de Soledad de Graciano S\u00e1nchez, a trav\u00e9s de la Direcci\u00f3n de Educaci\u00f3n y Acci\u00f3n C\u00edvica, contin\u00faa avanzando en su esfuerzo por crear espacios seguros y saludables en los planteles educativos, por ello, como parte del Operativo \u201cEscuela segura, Sigamos adelante\u201d, se llev\u00f3 a cabo una actividad en el marco del D\u00eda Internacional de [&hellip;]<\/p>\n","protected":false},"author":2,"featured_media":12245,"comment_status":"open","ping_status":"open","sticky":false,"template":"","format":"standard","meta":{"footnotes":""},"categories":[1,24,21],"tags":[223,2696,1955,269,1549,294,261,27],"class_list":{"0":"post-12244","1":"post","2":"type-post","3":"status-publish","4":"format-standard","5":"has-post-thumbnail","7":"category-destacadas","8":"category-informacion-general","9":"category-tu-soledad","10":"tag-ayuntamiento-soledense","11":"tag-dia-internacional-de-la-prevencion-del-suicidio","12":"tag-mental","13":"tag-salud","14":"tag-salud-mental","15":"tag-san-luis","16":"tag-slp","17":"tag-soledad"},"_links":{"self":[{"href":"https:\/\/cronicadesoledad.com\/index.php\/wp-json\/wp\/v2\/posts\/12244","targetHints":{"allow":["GET"]}}],"collection":[{"href":"https:\/\/cronicadesoledad.com\/index.php\/wp-json\/wp\/v2\/posts"}],"about":[{"href":"https:\/\/cronicadesoledad.com\/index.php\/wp-json\/wp\/v2\/types\/post"}],"author":[{"embeddable":true,"href":"https:\/\/cronicadesoledad.com\/index.php\/wp-json\/wp\/v2\/users\/2"}],"replies":[{"embeddable":true,"href":"https:\/\/cronicadesoledad.com\/index.php\/wp-json\/wp\/v2\/comments?post=12244"}],"version-history":[{"count":1,"href":"https:\/\/cronicadesoledad.com\/index.php\/wp-json\/wp\/v2\/posts\/12244\/revisions"}],"predecessor-version":[{"id":12246,"href":"https:\/\/cronicadesoledad.com\/index.php\/wp-json\/wp\/v2\/posts\/12244\/revisions\/12246"}],"wp:featuredmedia":[{"embeddable":true,"href":"https:\/\/cronicadesoledad.com\/index.php\/wp-json\/wp\/v2\/media\/12245"}],"wp:attachment":[{"href":"https:\/\/cronicadesoledad.com\/index.php\/wp-json\/wp\/v2\/media?parent=12244"}],"wp:term":[{"taxonomy":"category","embeddable":true,"href":"https:\/\/cronicadesoledad.com\/index.php\/wp-json\/wp\/v2\/categories?post=12244"},{"taxonomy":"post_tag","embeddable":true,"href":"https:\/\/cronicadesoledad.com\/index.php\/wp-json\/wp\/v2\/tags?post=12244"}],"curies":[{"name":"wp","href":"https:\/\/api.w.org\/{rel}","templated":true}]}}