{"id":12251,"date":"2024-09-11T13:26:07","date_gmt":"2024-09-11T19:26:07","guid":{"rendered":"https:\/\/cronicadesoledad.com\/?p=12251"},"modified":"2024-09-11T13:26:08","modified_gmt":"2024-09-11T19:26:08","slug":"iglesia-pide-que-se-revisen-las-condiciones-de-seguridad-en-el-penal-la-pila","status":"publish","type":"post","link":"https:\/\/cronicadesoledad.com\/index.php\/2024\/09\/11\/iglesia-pide-que-se-revisen-las-condiciones-de-seguridad-en-el-penal-la-pila\/","title":{"rendered":"Iglesia pide que se revisen las condiciones de seguridad en el penal La Pila"},"content":{"rendered":"\n<p>El vocero de la Arquidi\u00f3cesis de San Luis Potos\u00ed, Tom\u00e1s Cruz Perales, hizo un llamado para que tanto el Congreso del Estado como la Comisi\u00f3n Estatal de Derechos Humanos (CEDH) inspeccionen las condiciones del penal de La Pila, tras un incidente reciente en sus instalaciones.<\/p>\n\n\n\n<p>Cruz Perales se\u00f1al\u00f3 que la precariedad en los centros penitenciarios no es exclusiva de San Luis Potos\u00ed, sino que es una situaci\u00f3n que afecta a todo M\u00e9xico. Por ello, consider\u00f3 necesario que las autoridades correspondientes realicen visitas para evaluar de manera objetiva la situaci\u00f3n y propongan mejoras que garanticen mejores condiciones para las personas privadas de la libertad.<\/p>\n\n\n\n<p>Aunque la Iglesia ha llevado a cabo visitas pastorales en el penal, hasta el momento no se han emitido informes detallados sobre las condiciones de vida en el centro penitenciario. Sin embargo, Cruz Perales subray\u00f3 la importancia de implementar medidas de aislamiento tras el brote de hepatitis que afect\u00f3 a varios internos, con el fin de evitar una mayor propagaci\u00f3n entre la poblaci\u00f3n reclusa y los visitantes.<\/p>\n\n\n\n<p>En otro tema, coment\u00f3 sobre la reciente aprobaci\u00f3n de la reforma judicial, destacando la importancia de una mayor participaci\u00f3n ciudadana en las elecciones de jueces y magistrados. Recalc\u00f3 que los ciudadanos deben estar bien informados sobre la trayectoria y preparaci\u00f3n de los postulados, para asegurar la transparencia en el proceso de selecci\u00f3n de estos cargos.<\/p>\n","protected":false},"excerpt":{"rendered":"<p>El vocero de la Arquidi\u00f3cesis de San Luis Potos\u00ed, Tom\u00e1s Cruz Perales, hizo un llamado para que tanto el Congreso del Estado como la Comisi\u00f3n Estatal de Derechos Humanos (CEDH) inspeccionen las condiciones del penal de La Pila, tras un incidente reciente en sus instalaciones. Cruz Perales se\u00f1al\u00f3 que la precariedad en los centros penitenciarios [&hellip;]<\/p>\n","protected":false},"author":2,"featured_media":12252,"comment_status":"open","ping_status":"open","sticky":false,"template":"","format":"standard","meta":{"footnotes":""},"categories":[30,24],"tags":[284,1156,1066,294,276,261,2698],"class_list":{"0":"post-12251","1":"post","2":"type-post","3":"status-publish","4":"format-standard","5":"has-post-thumbnail","7":"category-de-la-region-centro","8":"category-informacion-general","9":"tag-cedh","10":"tag-iglesia-catolica","11":"tag-la-pila","12":"tag-san-luis","13":"tag-seguridad","14":"tag-slp","15":"tag-tomas-cruz-perales"},"_links":{"self":[{"href":"https:\/\/cronicadesoledad.com\/index.php\/wp-json\/wp\/v2\/posts\/12251","targetHints":{"allow":["GET"]}}],"collection":[{"href":"https:\/\/cronicadesoledad.com\/index.php\/wp-json\/wp\/v2\/posts"}],"about":[{"href":"https:\/\/cronicadesoledad.com\/index.php\/wp-json\/wp\/v2\/types\/post"}],"author":[{"embeddable":true,"href":"https:\/\/cronicadesoledad.com\/index.php\/wp-json\/wp\/v2\/users\/2"}],"replies":[{"embeddable":true,"href":"https:\/\/cronicadesoledad.com\/index.php\/wp-json\/wp\/v2\/comments?post=12251"}],"version-history":[{"count":1,"href":"https:\/\/cronicadesoledad.com\/index.php\/wp-json\/wp\/v2\/posts\/12251\/revisions"}],"predecessor-version":[{"id":12253,"href":"https:\/\/cronicadesoledad.com\/index.php\/wp-json\/wp\/v2\/posts\/12251\/revisions\/12253"}],"wp:featuredmedia":[{"embeddable":true,"href":"https:\/\/cronicadesoledad.com\/index.php\/wp-json\/wp\/v2\/media\/12252"}],"wp:attachment":[{"href":"https:\/\/cronicadesoledad.com\/index.php\/wp-json\/wp\/v2\/media?parent=12251"}],"wp:term":[{"taxonomy":"category","embeddable":true,"href":"https:\/\/cronicadesoledad.com\/index.php\/wp-json\/wp\/v2\/categories?post=12251"},{"taxonomy":"post_tag","embeddable":true,"href":"https:\/\/cronicadesoledad.com\/index.php\/wp-json\/wp\/v2\/tags?post=12251"}],"curies":[{"name":"wp","href":"https:\/\/api.w.org\/{rel}","templated":true}]}}