{"id":12263,"date":"2024-09-12T17:20:17","date_gmt":"2024-09-12T23:20:17","guid":{"rendered":"https:\/\/cronicadesoledad.com\/?p=12263"},"modified":"2024-09-12T17:20:17","modified_gmt":"2024-09-12T23:20:17","slug":"rescatan-a-24-perros-maltratados","status":"publish","type":"post","link":"https:\/\/cronicadesoledad.com\/index.php\/2024\/09\/12\/rescatan-a-24-perros-maltratados\/","title":{"rendered":"Rescatan a 24 perros maltratados"},"content":{"rendered":"\n<p>En un operativo coordinado, la Direcci\u00f3n de Ecolog\u00eda de Soledad de Graciano S\u00e1nchez y la activista Alejandra Malpicar rescataron este lunes a 24 perros que viv\u00edan en condiciones de maltrato en la colonia Reforma Segunda Secci\u00f3n. Los animales ahora se encuentran en un lugar seguro donde recibir\u00e1n la atenci\u00f3n necesaria para su recuperaci\u00f3n.<\/p>\n\n\n\n<p>Seg\u00fan Teresa Z\u00fa\u00f1iga Maldonado, directora de Ecolog\u00eda, los perros pertenec\u00edan a una persona en situaci\u00f3n de indigencia que no les brindaba los cuidados adecuados, lo que deriv\u00f3 en denuncias de maltrato. La intervenci\u00f3n fue posible tras la presentaci\u00f3n de una denuncia formal ante la Unidad Especializada de Combate al Abigeato y Maltrato a los Animales de la Fiscal\u00eda General del Estado, que contin\u00faa investigando el caso.<\/p>\n\n\n\n<p>El DIF municipal y estatal trabajan en conjunto para brindar apoyo a la persona responsable, quien vive con discapacidad y ha enfrentado situaciones de vulnerabilidad. Esta acci\u00f3n busca proteger tanto a los animales como a las personas en situaciones dif\u00edciles, promoviendo un enfoque integral de bienestar social y protecci\u00f3n animal.<\/p>\n","protected":false},"excerpt":{"rendered":"<p>En un operativo coordinado, la Direcci\u00f3n de Ecolog\u00eda de Soledad de Graciano S\u00e1nchez y la activista Alejandra Malpicar rescataron este lunes a 24 perros que viv\u00edan en condiciones de maltrato en la colonia Reforma Segunda Secci\u00f3n. Los animales ahora se encuentran en un lugar seguro donde recibir\u00e1n la atenci\u00f3n necesaria para su recuperaci\u00f3n. Seg\u00fan Teresa [&hellip;]<\/p>\n","protected":false},"author":2,"featured_media":12264,"comment_status":"open","ping_status":"open","sticky":false,"template":"","format":"standard","meta":{"footnotes":""},"categories":[1,24],"tags":[387,1819,1751,2701,1846,261,27],"class_list":{"0":"post-12263","1":"post","2":"type-post","3":"status-publish","4":"format-standard","5":"has-post-thumbnail","7":"category-destacadas","8":"category-informacion-general","9":"tag-dif","10":"tag-fge","11":"tag-maltrato-animal","12":"tag-perros-maltratados","13":"tag-rescate","14":"tag-slp","15":"tag-soledad"},"_links":{"self":[{"href":"https:\/\/cronicadesoledad.com\/index.php\/wp-json\/wp\/v2\/posts\/12263","targetHints":{"allow":["GET"]}}],"collection":[{"href":"https:\/\/cronicadesoledad.com\/index.php\/wp-json\/wp\/v2\/posts"}],"about":[{"href":"https:\/\/cronicadesoledad.com\/index.php\/wp-json\/wp\/v2\/types\/post"}],"author":[{"embeddable":true,"href":"https:\/\/cronicadesoledad.com\/index.php\/wp-json\/wp\/v2\/users\/2"}],"replies":[{"embeddable":true,"href":"https:\/\/cronicadesoledad.com\/index.php\/wp-json\/wp\/v2\/comments?post=12263"}],"version-history":[{"count":1,"href":"https:\/\/cronicadesoledad.com\/index.php\/wp-json\/wp\/v2\/posts\/12263\/revisions"}],"predecessor-version":[{"id":12265,"href":"https:\/\/cronicadesoledad.com\/index.php\/wp-json\/wp\/v2\/posts\/12263\/revisions\/12265"}],"wp:featuredmedia":[{"embeddable":true,"href":"https:\/\/cronicadesoledad.com\/index.php\/wp-json\/wp\/v2\/media\/12264"}],"wp:attachment":[{"href":"https:\/\/cronicadesoledad.com\/index.php\/wp-json\/wp\/v2\/media?parent=12263"}],"wp:term":[{"taxonomy":"category","embeddable":true,"href":"https:\/\/cronicadesoledad.com\/index.php\/wp-json\/wp\/v2\/categories?post=12263"},{"taxonomy":"post_tag","embeddable":true,"href":"https:\/\/cronicadesoledad.com\/index.php\/wp-json\/wp\/v2\/tags?post=12263"}],"curies":[{"name":"wp","href":"https:\/\/api.w.org\/{rel}","templated":true}]}}