{"id":12266,"date":"2024-09-12T18:43:59","date_gmt":"2024-09-13T00:43:59","guid":{"rendered":"https:\/\/cronicadesoledad.com\/?p=12266"},"modified":"2024-09-12T18:44:00","modified_gmt":"2024-09-13T00:44:00","slug":"soledad-se-alista-para-el-simulacro-nacional-de-sismo","status":"publish","type":"post","link":"https:\/\/cronicadesoledad.com\/index.php\/2024\/09\/12\/soledad-se-alista-para-el-simulacro-nacional-de-sismo\/","title":{"rendered":"Soledad se alista para el simulacro nacional de sismo"},"content":{"rendered":"\n<p>La Coordinaci\u00f3n Municipal de Protecci\u00f3n Civil de Soledad de Graciano S\u00e1nchez ha organizado un simulacro general que se llevar\u00e1 a cabo el 19 de septiembre, coincidiendo con el D\u00eda Nacional de la Protecci\u00f3n Civil. El objetivo es evaluar la eficacia de los protocolos de evacuaci\u00f3n y mejorar la capacidad de respuesta ante emergencias.<\/p>\n\n\n\n<p>Mart\u00edn Bravo Galicia, Coordinador de Protecci\u00f3n Civil Municipal, indic\u00f3 que el simulacro simular\u00e1 un sismo, y se espera que participe un n\u00famero significativo de personas. El ejercicio incluir\u00e1 la evacuaci\u00f3n de un centro comercial destacado en la cabecera municipal en un tiempo m\u00e1ximo de 10 minutos, as\u00ed como de dos guarder\u00edas ubicadas en la misma \u00e1rea.<\/p>\n\n\n\n<p>Bravo Galicia precis\u00f3 que el simulacro, que durar\u00e1 aproximadamente media hora, se llevar\u00e1 a cabo en coordinaci\u00f3n con los propietarios del centro comercial. Aunque el simulacro puede causar una breve interrupci\u00f3n en las actividades, se considera esencial para verificar la efectividad de las brigadas internas y los protocolos de evacuaci\u00f3n.<\/p>\n\n\n\n<p>El ejercicio tambi\u00e9n permitir\u00e1 evaluar el cumplimiento de los programas de seguridad y la capacidad de respuesta de las brigadas de Protecci\u00f3n Civil tanto del centro comercial como del Ayuntamiento. Estas actividades contribuyen a reforzar la seguridad de la poblaci\u00f3n y promover una cultura de prevenci\u00f3n frente a posibles contingencias.<\/p>\n","protected":false},"excerpt":{"rendered":"<p>La Coordinaci\u00f3n Municipal de Protecci\u00f3n Civil de Soledad de Graciano S\u00e1nchez ha organizado un simulacro general que se llevar\u00e1 a cabo el 19 de septiembre, coincidiendo con el D\u00eda Nacional de la Protecci\u00f3n Civil. El objetivo es evaluar la eficacia de los protocolos de evacuaci\u00f3n y mejorar la capacidad de respuesta ante emergencias. Mart\u00edn Bravo [&hellip;]<\/p>\n","protected":false},"author":2,"featured_media":12267,"comment_status":"open","ping_status":"open","sticky":false,"template":"","format":"standard","meta":{"footnotes":""},"categories":[1,24],"tags":[2703,525,276,2702,261,27],"class_list":{"0":"post-12266","1":"post","2":"type-post","3":"status-publish","4":"format-standard","5":"has-post-thumbnail","7":"category-destacadas","8":"category-informacion-general","9":"tag-martin-bravo-galicia","10":"tag-proteccion-civil","11":"tag-seguridad","12":"tag-simulacro-nacional","13":"tag-slp","14":"tag-soledad"},"_links":{"self":[{"href":"https:\/\/cronicadesoledad.com\/index.php\/wp-json\/wp\/v2\/posts\/12266","targetHints":{"allow":["GET"]}}],"collection":[{"href":"https:\/\/cronicadesoledad.com\/index.php\/wp-json\/wp\/v2\/posts"}],"about":[{"href":"https:\/\/cronicadesoledad.com\/index.php\/wp-json\/wp\/v2\/types\/post"}],"author":[{"embeddable":true,"href":"https:\/\/cronicadesoledad.com\/index.php\/wp-json\/wp\/v2\/users\/2"}],"replies":[{"embeddable":true,"href":"https:\/\/cronicadesoledad.com\/index.php\/wp-json\/wp\/v2\/comments?post=12266"}],"version-history":[{"count":1,"href":"https:\/\/cronicadesoledad.com\/index.php\/wp-json\/wp\/v2\/posts\/12266\/revisions"}],"predecessor-version":[{"id":12268,"href":"https:\/\/cronicadesoledad.com\/index.php\/wp-json\/wp\/v2\/posts\/12266\/revisions\/12268"}],"wp:featuredmedia":[{"embeddable":true,"href":"https:\/\/cronicadesoledad.com\/index.php\/wp-json\/wp\/v2\/media\/12267"}],"wp:attachment":[{"href":"https:\/\/cronicadesoledad.com\/index.php\/wp-json\/wp\/v2\/media?parent=12266"}],"wp:term":[{"taxonomy":"category","embeddable":true,"href":"https:\/\/cronicadesoledad.com\/index.php\/wp-json\/wp\/v2\/categories?post=12266"},{"taxonomy":"post_tag","embeddable":true,"href":"https:\/\/cronicadesoledad.com\/index.php\/wp-json\/wp\/v2\/tags?post=12266"}],"curies":[{"name":"wp","href":"https:\/\/api.w.org\/{rel}","templated":true}]}}