{"id":12288,"date":"2024-09-14T10:43:42","date_gmt":"2024-09-14T16:43:42","guid":{"rendered":"https:\/\/cronicadesoledad.com\/?p=12288"},"modified":"2024-09-14T10:43:42","modified_gmt":"2024-09-14T16:43:42","slug":"cambios-en-el-gabinete-de-soledad-durante-la-gestion-de-leonor-noyola","status":"publish","type":"post","link":"https:\/\/cronicadesoledad.com\/index.php\/2024\/09\/14\/cambios-en-el-gabinete-de-soledad-durante-la-gestion-de-leonor-noyola\/","title":{"rendered":"Cambios en el gabinete de Soledad durante la gesti\u00f3n de Leonor Noyola"},"content":{"rendered":"\n<p>Durante el trienio de Leonor Noyola Cervantes como alcaldesa de Soledad de Graciano S\u00e1nchez, se realizaron 14 cambios en \u00e1reas clave del gabinete, con el objetivo de mejorar la gesti\u00f3n municipal y la atenci\u00f3n a la ciudadan\u00eda. Estos cambios fueron respaldados tambi\u00e9n por la alcaldesa interina, Araceli Mart\u00ednez P\u00e9rez, como parte de un esfuerzo por adaptar el gobierno local a las necesidades de la poblaci\u00f3n.<\/p>\n\n\n\n<p>Uno de los movimientos m\u00e1s relevantes fue la renuncia de Yolox\u00f3chitl D\u00edaz L\u00f3pez como Secretaria General en octubre de 2022. D\u00edaz L\u00f3pez argument\u00f3 que su decisi\u00f3n respond\u00eda a la necesidad de ajustes para mejorar los resultados. Edgar Barajas Abrego la reemplaz\u00f3, pero tambi\u00e9n dej\u00f3 el cargo en abril de 2023 por motivos personales, siendo sustituido por Benjam\u00edn P\u00e9rez \u00c1lvarez, quien fue nombrado por unanimidad en el cabildo tras su experiencia previa en la Comisi\u00f3n Estatal del Agua (CEA).<\/p>\n\n\n\n<p>En el \u00e1rea de seguridad, Jorge Ram\u00edrez Leyva fue designado como Director General de Seguridad P\u00fablica Municipal, sucediendo a H\u00e9ctor Mar del \u00c1ngel. Ram\u00edrez Leyva asumi\u00f3 en abril de 2023 y, adem\u00e1s, tom\u00f3 protesta como comandante de la Guardia Civil Municipal, con la responsabilidad de fortalecer la relaci\u00f3n entre las fuerzas del orden y la ciudadan\u00eda.<\/p>\n\n\n\n<p>Otros cambios incluyeron el nombramiento de Yeura Margarita Leura Granja en la Direcci\u00f3n de Fuerzas Municipales y Miguel \u00c1ngel Hern\u00e1ndez Hern\u00e1ndez en la Direcci\u00f3n de Tr\u00e1nsito y Polic\u00eda Vial. Hern\u00e1ndez asumi\u00f3 en abril de 2023, sucediendo al teniente Enrique L\u00f3pez Hurtado, quien hab\u00eda reemplazado a Mauricio Ordaz Flores, ahora en la Coordinaci\u00f3n de Protecci\u00f3n Civil Estatal.<\/p>\n\n\n\n<p>En el \u00e1mbito de atenci\u00f3n a la mujer y la familia, se separaron las responsabilidades de la Instancia de la Mujer y la Unidad de Atenci\u00f3n a la Violencia Intrafamiliar (UAVI). Miriam Castillo Morales fue designada como nueva titular de la UAVI, mientras que Mar\u00eda Alicia Mart\u00ednez Rodr\u00edguez asumi\u00f3 la direcci\u00f3n de la Instancia de la Mujer, que previamente hab\u00eda estado a cargo de Ver\u00f3nica Miranda Nolasco.<\/p>\n\n\n\n<p>Otros nombramientos incluyeron a Norma Ang\u00e9lica Delgado Mart\u00ednez en la Oficial\u00eda de Partes, Mar\u00eda del Socorro P\u00e9rez D\u00edaz en Relaciones Exteriores, y Elizabeth Hern\u00e1ndez Rodr\u00edguez en la Direcci\u00f3n Jur\u00eddica. Mart\u00edn Bravo Galicia fue asignado a Protecci\u00f3n Civil, Roberto Mateo Posadas Mart\u00ednez a la Direcci\u00f3n de Cultura Municipal, y Carolina Gonz\u00e1lez Rodr\u00edguez al \u00e1rea de Reclutamiento.<\/p>\n\n\n\n<p>En el \u00e1mbito deportivo, Hugo Esquivel asumi\u00f3 la Direcci\u00f3n de Deportes en mayo de 2023, reemplazando a Juan Carlos Torres Silva. Esquivel recibi\u00f3 instrucciones de la presidencia municipal para coordinar el \u00e1rea de manera eficiente.<\/p>\n\n\n\n<p>La Direcci\u00f3n de Desarrollo Urbano tambi\u00e9n experiment\u00f3 cambios, con Ver\u00f3nica Gonz\u00e1lez tomando el lugar de Gabino Manzo Castrej\u00f3n, quien fue designado titular de la CEA. En el sector agropecuario, Juan Mendoza Ruiz asumi\u00f3 el cargo tras la salida de Antonio Castro Trist\u00e1n por motivos de salud en julio de 2023, mientras que Ocari Carre\u00f3n Hern\u00e1ndez reemplaz\u00f3 a Aurora Mancilla Castro en la Direcci\u00f3n de Turismo.<\/p>\n","protected":false},"excerpt":{"rendered":"<p>Durante el trienio de Leonor Noyola Cervantes como alcaldesa de Soledad de Graciano S\u00e1nchez, se realizaron 14 cambios en \u00e1reas clave del gabinete, con el objetivo de mejorar la gesti\u00f3n municipal y la atenci\u00f3n a la ciudadan\u00eda. Estos cambios fueron respaldados tambi\u00e9n por la alcaldesa interina, Araceli Mart\u00ednez P\u00e9rez, como parte de un esfuerzo por [&hellip;]<\/p>\n","protected":false},"author":2,"featured_media":12289,"comment_status":"open","ping_status":"open","sticky":false,"template":"","format":"standard","meta":{"footnotes":""},"categories":[1,24],"tags":[2533,2709,2517,29,525,294,27,2509],"class_list":{"0":"post-12288","1":"post","2":"type-post","3":"status-publish","4":"format-standard","5":"has-post-thumbnail","7":"category-destacadas","8":"category-informacion-general","9":"tag-araceli-martinez","10":"tag-cambios-en-el-gabinete","11":"tag-cea","12":"tag-leonor-noyola","13":"tag-proteccion-civil","14":"tag-san-luis","15":"tag-soledad","16":"tag-uavi"},"_links":{"self":[{"href":"https:\/\/cronicadesoledad.com\/index.php\/wp-json\/wp\/v2\/posts\/12288","targetHints":{"allow":["GET"]}}],"collection":[{"href":"https:\/\/cronicadesoledad.com\/index.php\/wp-json\/wp\/v2\/posts"}],"about":[{"href":"https:\/\/cronicadesoledad.com\/index.php\/wp-json\/wp\/v2\/types\/post"}],"author":[{"embeddable":true,"href":"https:\/\/cronicadesoledad.com\/index.php\/wp-json\/wp\/v2\/users\/2"}],"replies":[{"embeddable":true,"href":"https:\/\/cronicadesoledad.com\/index.php\/wp-json\/wp\/v2\/comments?post=12288"}],"version-history":[{"count":1,"href":"https:\/\/cronicadesoledad.com\/index.php\/wp-json\/wp\/v2\/posts\/12288\/revisions"}],"predecessor-version":[{"id":12290,"href":"https:\/\/cronicadesoledad.com\/index.php\/wp-json\/wp\/v2\/posts\/12288\/revisions\/12290"}],"wp:featuredmedia":[{"embeddable":true,"href":"https:\/\/cronicadesoledad.com\/index.php\/wp-json\/wp\/v2\/media\/12289"}],"wp:attachment":[{"href":"https:\/\/cronicadesoledad.com\/index.php\/wp-json\/wp\/v2\/media?parent=12288"}],"wp:term":[{"taxonomy":"category","embeddable":true,"href":"https:\/\/cronicadesoledad.com\/index.php\/wp-json\/wp\/v2\/categories?post=12288"},{"taxonomy":"post_tag","embeddable":true,"href":"https:\/\/cronicadesoledad.com\/index.php\/wp-json\/wp\/v2\/tags?post=12288"}],"curies":[{"name":"wp","href":"https:\/\/api.w.org\/{rel}","templated":true}]}}