{"id":12291,"date":"2024-09-14T11:54:34","date_gmt":"2024-09-14T17:54:34","guid":{"rendered":"https:\/\/cronicadesoledad.com\/?p=12291"},"modified":"2024-09-14T11:54:35","modified_gmt":"2024-09-14T17:54:35","slug":"paciente-desaparecido-tras-escapar-del-imss-en-soledad","status":"publish","type":"post","link":"https:\/\/cronicadesoledad.com\/index.php\/2024\/09\/14\/paciente-desaparecido-tras-escapar-del-imss-en-soledad\/","title":{"rendered":"Paciente desaparecido tras escapar del IMSS en Soledad"},"content":{"rendered":"\n<p>Un paciente de la cl\u00ednica 05 del Instituto Mexicano del Seguro Social (IMSS) en Soledad de Graciano S\u00e1nchez sali\u00f3 del hospital en un estado de crisis emocional. La noticia se ha difundido a trav\u00e9s de redes sociales, pero hasta ahora no se ha presentado ninguna denuncia formal ni reporte oficial sobre el incidente.<\/p>\n\n\n\n<p>La Guardia Civil municipal ha iniciado una b\u00fasqueda en la zona, realizando recorridos y revisando las c\u00e1maras de seguridad en un intento por localizar al paciente. Jorge Ram\u00edrez Leyva, titular de la Guardia Civil, mencion\u00f3 que tambi\u00e9n est\u00e1n manejando un caso reciente en el que una persona con discapacidad intent\u00f3 cruzar el puente de La Corregidora en la carretera Matehuala y lamentablemente atent\u00f3 contra su vida.<\/p>\n\n\n\n<p>En ese caso, los agentes encontraron una silla de ruedas motorizada y una muleta en el puente, sin da\u00f1os aparentes. La investigaci\u00f3n est\u00e1 a cargo de la Fiscal\u00eda General del Estado.<\/p>\n\n\n\n<p>La Guardia Civil sigue trabajando en coordinaci\u00f3n con otras autoridades para responder a emergencias que impliquen a personas en situaci\u00f3n de vulnerabilidad. Las autoridades han solicitado a la comunidad que aporte cualquier informaci\u00f3n que pueda ser \u00fatil para encontrar al paciente desaparecido.<\/p>\n","protected":false},"excerpt":{"rendered":"<p>Un paciente de la cl\u00ednica 05 del Instituto Mexicano del Seguro Social (IMSS) en Soledad de Graciano S\u00e1nchez sali\u00f3 del hospital en un estado de crisis emocional. La noticia se ha difundido a trav\u00e9s de redes sociales, pero hasta ahora no se ha presentado ninguna denuncia formal ni reporte oficial sobre el incidente. La Guardia [&hellip;]<\/p>\n","protected":false},"author":2,"featured_media":12292,"comment_status":"open","ping_status":"open","sticky":false,"template":"","format":"standard","meta":{"footnotes":""},"categories":[1,24],"tags":[2711,1631,2481,247,2710,261,27],"class_list":{"0":"post-12291","1":"post","2":"type-post","3":"status-publish","4":"format-standard","5":"has-post-thumbnail","7":"category-destacadas","8":"category-informacion-general","9":"tag-escape","10":"tag-fuga","11":"tag-guardia-civil","12":"tag-imss","13":"tag-paciente","14":"tag-slp","15":"tag-soledad"},"_links":{"self":[{"href":"https:\/\/cronicadesoledad.com\/index.php\/wp-json\/wp\/v2\/posts\/12291","targetHints":{"allow":["GET"]}}],"collection":[{"href":"https:\/\/cronicadesoledad.com\/index.php\/wp-json\/wp\/v2\/posts"}],"about":[{"href":"https:\/\/cronicadesoledad.com\/index.php\/wp-json\/wp\/v2\/types\/post"}],"author":[{"embeddable":true,"href":"https:\/\/cronicadesoledad.com\/index.php\/wp-json\/wp\/v2\/users\/2"}],"replies":[{"embeddable":true,"href":"https:\/\/cronicadesoledad.com\/index.php\/wp-json\/wp\/v2\/comments?post=12291"}],"version-history":[{"count":1,"href":"https:\/\/cronicadesoledad.com\/index.php\/wp-json\/wp\/v2\/posts\/12291\/revisions"}],"predecessor-version":[{"id":12293,"href":"https:\/\/cronicadesoledad.com\/index.php\/wp-json\/wp\/v2\/posts\/12291\/revisions\/12293"}],"wp:featuredmedia":[{"embeddable":true,"href":"https:\/\/cronicadesoledad.com\/index.php\/wp-json\/wp\/v2\/media\/12292"}],"wp:attachment":[{"href":"https:\/\/cronicadesoledad.com\/index.php\/wp-json\/wp\/v2\/media?parent=12291"}],"wp:term":[{"taxonomy":"category","embeddable":true,"href":"https:\/\/cronicadesoledad.com\/index.php\/wp-json\/wp\/v2\/categories?post=12291"},{"taxonomy":"post_tag","embeddable":true,"href":"https:\/\/cronicadesoledad.com\/index.php\/wp-json\/wp\/v2\/tags?post=12291"}],"curies":[{"name":"wp","href":"https:\/\/api.w.org\/{rel}","templated":true}]}}