{"id":12294,"date":"2024-09-16T03:00:00","date_gmt":"2024-09-16T09:00:00","guid":{"rendered":"https:\/\/cronicadesoledad.com\/?p=12294"},"modified":"2024-09-16T02:08:18","modified_gmt":"2024-09-16T08:08:18","slug":"hallaron-cadaver-de-hombre-arrastrado-por-el-rio","status":"publish","type":"post","link":"https:\/\/cronicadesoledad.com\/index.php\/2024\/09\/16\/hallaron-cadaver-de-hombre-arrastrado-por-el-rio\/","title":{"rendered":"Hallaron cad\u00e1ver de hombre arrastrado por el r\u00edo"},"content":{"rendered":"\n<p>El pasado s\u00e1bado fue hallado el cuerpo de un hombre que hab\u00eda sido arrastrado por la corriente del R\u00edo Santiago tras intensas lluvias. El tr\u00e1gico suceso ocurri\u00f3 en Soledad de Graciano S\u00e1nchez y fue confirmado por las autoridades. Las fuertes lluvias y descargas el\u00e9ctricas del viernes contribuyeron a la situaci\u00f3n.<\/p>\n\n\n\n<p>De acuerdo con el reporte, el hombre, identificado como Juan Andr\u00e9s, de 26 a\u00f1os, hab\u00eda sido visto atravesando el r\u00edo en motocicleta cerca de la calle Negrete. Testigos indicaron que hab\u00eda estado ingiriendo bebidas alcoh\u00f3licas antes del incidente, lo que pudo haber influido en su decisi\u00f3n de cruzar el cauce.<\/p>\n\n\n\n<p>El cuerpo de Juan Andr\u00e9s fue localizado cerca de la planta tratadora de aguas residuales El Morro, a aproximadamente 4 kil\u00f3metros del lugar donde fue visto por \u00faltima vez. La b\u00fasqueda y recuperaci\u00f3n se extendieron hasta este s\u00e1bado debido a las dif\u00edciles condiciones del terreno.<\/p>\n\n\n\n<p>Protecci\u00f3n Civil de Soledad de Graciano S\u00e1nchez report\u00f3 el cierre del bulevar R\u00edo Santiago y el Acceso Norte\u2013Puente Naranja debido a las inundaciones. Adem\u00e1s, est\u00e1n brindando apoyo a los residentes de la Calle Santander en la colonia San Lorenzo, quienes tambi\u00e9n se han visto afectados por las lluvias.<\/p>\n","protected":false},"excerpt":{"rendered":"<p>El pasado s\u00e1bado fue hallado el cuerpo de un hombre que hab\u00eda sido arrastrado por la corriente del R\u00edo Santiago tras intensas lluvias. El tr\u00e1gico suceso ocurri\u00f3 en Soledad de Graciano S\u00e1nchez y fue confirmado por las autoridades. Las fuertes lluvias y descargas el\u00e9ctricas del viernes contribuyeron a la situaci\u00f3n. De acuerdo con el reporte, [&hellip;]<\/p>\n","protected":false},"author":2,"featured_media":12295,"comment_status":"open","ping_status":"open","sticky":false,"template":"","format":"standard","meta":{"footnotes":""},"categories":[1],"tags":[2008,346,1990,294,276,261,27],"class_list":{"0":"post-12294","1":"post","2":"type-post","3":"status-publish","4":"format-standard","5":"has-post-thumbnail","7":"category-destacadas","8":"tag-cadaver-3","9":"tag-lluvias","10":"tag-rio-santiago-2","11":"tag-san-luis","12":"tag-seguridad","13":"tag-slp","14":"tag-soledad"},"_links":{"self":[{"href":"https:\/\/cronicadesoledad.com\/index.php\/wp-json\/wp\/v2\/posts\/12294","targetHints":{"allow":["GET"]}}],"collection":[{"href":"https:\/\/cronicadesoledad.com\/index.php\/wp-json\/wp\/v2\/posts"}],"about":[{"href":"https:\/\/cronicadesoledad.com\/index.php\/wp-json\/wp\/v2\/types\/post"}],"author":[{"embeddable":true,"href":"https:\/\/cronicadesoledad.com\/index.php\/wp-json\/wp\/v2\/users\/2"}],"replies":[{"embeddable":true,"href":"https:\/\/cronicadesoledad.com\/index.php\/wp-json\/wp\/v2\/comments?post=12294"}],"version-history":[{"count":1,"href":"https:\/\/cronicadesoledad.com\/index.php\/wp-json\/wp\/v2\/posts\/12294\/revisions"}],"predecessor-version":[{"id":12296,"href":"https:\/\/cronicadesoledad.com\/index.php\/wp-json\/wp\/v2\/posts\/12294\/revisions\/12296"}],"wp:featuredmedia":[{"embeddable":true,"href":"https:\/\/cronicadesoledad.com\/index.php\/wp-json\/wp\/v2\/media\/12295"}],"wp:attachment":[{"href":"https:\/\/cronicadesoledad.com\/index.php\/wp-json\/wp\/v2\/media?parent=12294"}],"wp:term":[{"taxonomy":"category","embeddable":true,"href":"https:\/\/cronicadesoledad.com\/index.php\/wp-json\/wp\/v2\/categories?post=12294"},{"taxonomy":"post_tag","embeddable":true,"href":"https:\/\/cronicadesoledad.com\/index.php\/wp-json\/wp\/v2\/tags?post=12294"}],"curies":[{"name":"wp","href":"https:\/\/api.w.org\/{rel}","templated":true}]}}