{"id":1233,"date":"2022-09-09T20:46:51","date_gmt":"2022-09-10T02:46:51","guid":{"rendered":"https:\/\/cronicadesoledad.com\/?p=1233"},"modified":"2022-09-09T20:46:52","modified_gmt":"2022-09-10T02:46:52","slug":"firman-acuerdo-colaboracion-ayuntamiento-y-sistema-estatal-de-bibliotecas","status":"publish","type":"post","link":"https:\/\/cronicadesoledad.com\/index.php\/2022\/09\/09\/firman-acuerdo-colaboracion-ayuntamiento-y-sistema-estatal-de-bibliotecas\/","title":{"rendered":"Firman acuerdo colaboraci\u00f3n ayuntamiento y Sistema Estatal de Bibliotecas"},"content":{"rendered":"\n<p>Durante la Vig\u00e9sima Quinta Sesi\u00f3n Ordinaria de Cabildo, celebrada este viernes 9 de septiembre, integrantes del cuerpo edilicio aprobaron por unanimidad la adhesi\u00f3n a un convenio de colaboraci\u00f3n con el Sistema Estatal de Bibliotecas.<\/p>\n\n\n\n<p>Este convenio de adhesi\u00f3n ser\u00e1 de gran beneficio para las bibliotecas&nbsp;<a href=\"https:\/\/www.facebook.com\/MunicipioSGS\/\">municipales<\/a>, ya que se podr\u00e1 incrementar el acervo literario y adecuarlo a las necesidades de los escolares.<\/p>\n\n\n\n<figure class=\"wp-block-image\"><a href=\"https:\/\/regioncentroslp.com\/wp-content\/uploads\/2022\/09\/IMG-20220909-WA0014-1024x683.jpg\"><img decoding=\"async\" src=\"https:\/\/regioncentroslp.com\/wp-content\/uploads\/2022\/09\/IMG-20220909-WA0014-1024x683.jpg\" alt=\"\" class=\"wp-image-80741\"\/><\/a><\/figure>\n\n\n\n<p>\u201cEsto nos permitir\u00e1 tener m\u00e1s libros y actualizaciones conforme a los planes de estudio que los ni\u00f1os de nivel b\u00e1sico ven en sus escuelas, y poderles ofrecer una oferta atractiva para que se acerquen a las bibliotecas municipales\u201d, se\u00f1alaron los integrantes de Cabildo.<\/p>\n\n\n\n<p>Otro de los beneficios que dar\u00e1 este convenio, es el acceso a la plataforma nacional de bibliotecas.A\u00f1adieron, que el acuerdo refleja la cercan\u00eda y apoyo que existe por parte del&nbsp;<a href=\"https:\/\/regioncentroslp.com\/general\/cmic-reconoce-la-gestion-de-gallardo-en-medio-oriente\/\">Gobierno del Estado<\/a>.<\/p>\n\n\n\n<p>Los integrantes del cuerpo edilicio soledense, recordaron que la lectura permite ejercitar nuestro cerebro, adem\u00e1s de que despierta v\u00edas neuronales, activa la memoria adem\u00e1s de liberar las emociones del lector como lo son alegr\u00eda, tristeza, c\u00f3lera, miedo, sorpresa, amor entre otros.<\/p>\n","protected":false},"excerpt":{"rendered":"<p>Durante la Vig\u00e9sima Quinta Sesi\u00f3n Ordinaria de Cabildo, celebrada este viernes 9 de septiembre, integrantes del cuerpo edilicio aprobaron por unanimidad la adhesi\u00f3n a un convenio de colaboraci\u00f3n con el Sistema Estatal de Bibliotecas. Este convenio de adhesi\u00f3n ser\u00e1 de gran beneficio para las bibliotecas&nbsp;municipales, ya que se podr\u00e1 incrementar el acervo literario y adecuarlo [&hellip;]<\/p>\n","protected":false},"author":2,"featured_media":1234,"comment_status":"open","ping_status":"open","sticky":false,"template":"","format":"standard","meta":{"footnotes":""},"categories":[21],"tags":[],"class_list":{"0":"post-1233","1":"post","2":"type-post","3":"status-publish","4":"format-standard","5":"has-post-thumbnail","7":"category-tu-soledad"},"_links":{"self":[{"href":"https:\/\/cronicadesoledad.com\/index.php\/wp-json\/wp\/v2\/posts\/1233","targetHints":{"allow":["GET"]}}],"collection":[{"href":"https:\/\/cronicadesoledad.com\/index.php\/wp-json\/wp\/v2\/posts"}],"about":[{"href":"https:\/\/cronicadesoledad.com\/index.php\/wp-json\/wp\/v2\/types\/post"}],"author":[{"embeddable":true,"href":"https:\/\/cronicadesoledad.com\/index.php\/wp-json\/wp\/v2\/users\/2"}],"replies":[{"embeddable":true,"href":"https:\/\/cronicadesoledad.com\/index.php\/wp-json\/wp\/v2\/comments?post=1233"}],"version-history":[{"count":1,"href":"https:\/\/cronicadesoledad.com\/index.php\/wp-json\/wp\/v2\/posts\/1233\/revisions"}],"predecessor-version":[{"id":1235,"href":"https:\/\/cronicadesoledad.com\/index.php\/wp-json\/wp\/v2\/posts\/1233\/revisions\/1235"}],"wp:featuredmedia":[{"embeddable":true,"href":"https:\/\/cronicadesoledad.com\/index.php\/wp-json\/wp\/v2\/media\/1234"}],"wp:attachment":[{"href":"https:\/\/cronicadesoledad.com\/index.php\/wp-json\/wp\/v2\/media?parent=1233"}],"wp:term":[{"taxonomy":"category","embeddable":true,"href":"https:\/\/cronicadesoledad.com\/index.php\/wp-json\/wp\/v2\/categories?post=1233"},{"taxonomy":"post_tag","embeddable":true,"href":"https:\/\/cronicadesoledad.com\/index.php\/wp-json\/wp\/v2\/tags?post=1233"}],"curies":[{"name":"wp","href":"https:\/\/api.w.org\/{rel}","templated":true}]}}