{"id":12357,"date":"2024-09-22T11:53:45","date_gmt":"2024-09-22T17:53:45","guid":{"rendered":"https:\/\/cronicadesoledad.com\/?p=12357"},"modified":"2024-09-22T11:53:46","modified_gmt":"2024-09-22T17:53:46","slug":"detectan-nuevas-fallas-geologicas-en-soledad","status":"publish","type":"post","link":"https:\/\/cronicadesoledad.com\/index.php\/2024\/09\/22\/detectan-nuevas-fallas-geologicas-en-soledad\/","title":{"rendered":"Detectan nuevas fallas geol\u00f3gicas en Soledad"},"content":{"rendered":"\n<p>Protecci\u00f3n Civil Municipal de Soledad de Graciano S\u00e1nchez ha reportado la aparici\u00f3n de cuatro nuevas fallas geol\u00f3gicas en los l\u00edmites del municipio, sum\u00e1ndose a las seis ya existentes. Las recientes fallas se localizan en las zonas poniente y oriente de la ciudad, afectando, entre otras \u00e1reas, la avenida principal de las colonias Cactus y Santa M\u00f3nica.<\/p>\n\n\n\n<p>Con este descubrimiento, el Atlas de Riesgo del municipio registra un total de 10 fallas geol\u00f3gicas, un incremento significativo desde 2018. Mart\u00edn Bravo Galicia, director de Protecci\u00f3n Civil, destac\u00f3 la importancia de actualizar el Atlas de Riesgo antes de que finalice la actual administraci\u00f3n municipal, con la intenci\u00f3n de publicarlo en el Peri\u00f3dico Oficial y as\u00ed oficializar la nueva informaci\u00f3n.<\/p>\n\n\n\n<p>Bravo Galicia tambi\u00e9n explic\u00f3 que el proceso se ha retrasado un a\u00f1o debido a estudios adicionales y la verificaci\u00f3n de empresas en zonas de riesgo, pero subray\u00f3 que se trabaja para minimizar los impactos potenciales de este fen\u00f3meno en la infraestructura del municipio.<\/p>\n","protected":false},"excerpt":{"rendered":"<p>Protecci\u00f3n Civil Municipal de Soledad de Graciano S\u00e1nchez ha reportado la aparici\u00f3n de cuatro nuevas fallas geol\u00f3gicas en los l\u00edmites del municipio, sum\u00e1ndose a las seis ya existentes. Las recientes fallas se localizan en las zonas poniente y oriente de la ciudad, afectando, entre otras \u00e1reas, la avenida principal de las colonias Cactus y Santa [&hellip;]<\/p>\n","protected":false},"author":2,"featured_media":12358,"comment_status":"open","ping_status":"open","sticky":false,"template":"","format":"standard","meta":{"footnotes":""},"categories":[1,24],"tags":[2725,2724,2703,525,294,2726,27],"class_list":{"0":"post-12357","1":"post","2":"type-post","3":"status-publish","4":"format-standard","5":"has-post-thumbnail","7":"category-destacadas","8":"category-informacion-general","9":"tag-cactus","10":"tag-fallas-geologicas","11":"tag-martin-bravo-galicia","12":"tag-proteccion-civil","13":"tag-san-luis","14":"tag-santa-monica","15":"tag-soledad"},"_links":{"self":[{"href":"https:\/\/cronicadesoledad.com\/index.php\/wp-json\/wp\/v2\/posts\/12357","targetHints":{"allow":["GET"]}}],"collection":[{"href":"https:\/\/cronicadesoledad.com\/index.php\/wp-json\/wp\/v2\/posts"}],"about":[{"href":"https:\/\/cronicadesoledad.com\/index.php\/wp-json\/wp\/v2\/types\/post"}],"author":[{"embeddable":true,"href":"https:\/\/cronicadesoledad.com\/index.php\/wp-json\/wp\/v2\/users\/2"}],"replies":[{"embeddable":true,"href":"https:\/\/cronicadesoledad.com\/index.php\/wp-json\/wp\/v2\/comments?post=12357"}],"version-history":[{"count":1,"href":"https:\/\/cronicadesoledad.com\/index.php\/wp-json\/wp\/v2\/posts\/12357\/revisions"}],"predecessor-version":[{"id":12359,"href":"https:\/\/cronicadesoledad.com\/index.php\/wp-json\/wp\/v2\/posts\/12357\/revisions\/12359"}],"wp:featuredmedia":[{"embeddable":true,"href":"https:\/\/cronicadesoledad.com\/index.php\/wp-json\/wp\/v2\/media\/12358"}],"wp:attachment":[{"href":"https:\/\/cronicadesoledad.com\/index.php\/wp-json\/wp\/v2\/media?parent=12357"}],"wp:term":[{"taxonomy":"category","embeddable":true,"href":"https:\/\/cronicadesoledad.com\/index.php\/wp-json\/wp\/v2\/categories?post=12357"},{"taxonomy":"post_tag","embeddable":true,"href":"https:\/\/cronicadesoledad.com\/index.php\/wp-json\/wp\/v2\/tags?post=12357"}],"curies":[{"name":"wp","href":"https:\/\/api.w.org\/{rel}","templated":true}]}}