{"id":12366,"date":"2024-09-23T03:10:00","date_gmt":"2024-09-23T09:10:00","guid":{"rendered":"https:\/\/cronicadesoledad.com\/?p=12366"},"modified":"2024-09-22T20:26:06","modified_gmt":"2024-09-23T02:26:06","slug":"aprobacion-de-la-reforma-constitucional-en-materia-de-guardia-nacional","status":"publish","type":"post","link":"https:\/\/cronicadesoledad.com\/index.php\/2024\/09\/23\/aprobacion-de-la-reforma-constitucional-en-materia-de-guardia-nacional\/","title":{"rendered":"Aprobaci\u00f3n de la Reforma Constitucional en Materia de Guardia Nacional"},"content":{"rendered":"\n<p>En sesi\u00f3n plenaria celebrada el d\u00eda de hoy a las 3:30 p.m., la C\u00e1mara de Diputados aprob\u00f3, con 353 votos a favor y por mayor\u00eda calificada, la reforma constitucional en el \u00e1mbito de la Guardia Nacional. Esta reforma representa un avance trascendental para el pa\u00eds, ya que redefine la naturaleza jur\u00eddica de dicha instituci\u00f3n y establece nuevos lineamientos para enfrentar de manera m\u00e1s eficaz la inseguridad extrema que afecta a todo el territorio mexicano.<\/p>\n\n\n\n<p>La propuesta de reforma tiene como objetivo dotar a la Guardia Nacional de un marco normativo s\u00f3lido que refuerce su operaci\u00f3n en el combate a la criminalidad y garantice un enfoque m\u00e1s coordinado y eficiente en sus tareas de seguridad p\u00fablica.<\/p>\n\n\n\n<p>El Diputado Federal Oscar Bautista, representante del tercer distrito electoral con cabecera en Rioverde, San Luis Potos\u00ed, expres\u00f3 que esta reforma es de gran relevancia para todos los mexicanos, destacando la labor conjunta de los legisladores del Partido Verde y su compromiso con la seguridad nacional.<\/p>\n\n\n\n<p>&nbsp;\u201cSin duda es algo muy importante para todos los mexicanos. Estamos cumpliendo nuestra encomienda para poderle cumplir a la gente con una nueva estrategia de seguridad p\u00fablica. Los compa\u00f1eros diputados del Partido Verde respaldamos y apoyamos esta iniciativa presentada por el presidente Andr\u00e9s Manuel L\u00f3pez Obrador. Con acciones como esta, le estamos cumpliendo a San Luis y a M\u00e9xico. El Partido Verde tiene compromisos y los sabe cumplir\u201d, se\u00f1al\u00f3 Bautista.<\/p>\n\n\n\n<p>Con esta aprobaci\u00f3n, se espera una mejora en la coordinaci\u00f3n entre las fuerzas de seguridad y un mayor respaldo jur\u00eddico para las operaciones de la Guardia Nacional, lo que permitir\u00e1 una respuesta m\u00e1s efectiva ante los desaf\u00edos de seguridad que aquejan al pa\u00eds.<\/p>\n\n\n\n<p><\/p>\n","protected":false},"excerpt":{"rendered":"<p>En sesi\u00f3n plenaria celebrada el d\u00eda de hoy a las 3:30 p.m., la C\u00e1mara de Diputados aprob\u00f3, con 353 votos a favor y por mayor\u00eda calificada, la reforma constitucional en el \u00e1mbito de la Guardia Nacional. Esta reforma representa un avance trascendental para el pa\u00eds, ya que redefine la naturaleza jur\u00eddica de dicha instituci\u00f3n y [&hellip;]<\/p>\n","protected":false},"author":2,"featured_media":12367,"comment_status":"open","ping_status":"open","sticky":false,"template":"","format":"standard","meta":{"footnotes":""},"categories":[1,24],"tags":[442,2460,287,2733],"class_list":{"0":"post-12366","1":"post","2":"type-post","3":"status-publish","4":"format-standard","5":"has-post-thumbnail","7":"category-destacadas","8":"category-informacion-general","9":"tag-diputados","10":"tag-guardia-nacional","11":"tag-nacional","12":"tag-reforma-constitucional"},"_links":{"self":[{"href":"https:\/\/cronicadesoledad.com\/index.php\/wp-json\/wp\/v2\/posts\/12366","targetHints":{"allow":["GET"]}}],"collection":[{"href":"https:\/\/cronicadesoledad.com\/index.php\/wp-json\/wp\/v2\/posts"}],"about":[{"href":"https:\/\/cronicadesoledad.com\/index.php\/wp-json\/wp\/v2\/types\/post"}],"author":[{"embeddable":true,"href":"https:\/\/cronicadesoledad.com\/index.php\/wp-json\/wp\/v2\/users\/2"}],"replies":[{"embeddable":true,"href":"https:\/\/cronicadesoledad.com\/index.php\/wp-json\/wp\/v2\/comments?post=12366"}],"version-history":[{"count":2,"href":"https:\/\/cronicadesoledad.com\/index.php\/wp-json\/wp\/v2\/posts\/12366\/revisions"}],"predecessor-version":[{"id":12369,"href":"https:\/\/cronicadesoledad.com\/index.php\/wp-json\/wp\/v2\/posts\/12366\/revisions\/12369"}],"wp:featuredmedia":[{"embeddable":true,"href":"https:\/\/cronicadesoledad.com\/index.php\/wp-json\/wp\/v2\/media\/12367"}],"wp:attachment":[{"href":"https:\/\/cronicadesoledad.com\/index.php\/wp-json\/wp\/v2\/media?parent=12366"}],"wp:term":[{"taxonomy":"category","embeddable":true,"href":"https:\/\/cronicadesoledad.com\/index.php\/wp-json\/wp\/v2\/categories?post=12366"},{"taxonomy":"post_tag","embeddable":true,"href":"https:\/\/cronicadesoledad.com\/index.php\/wp-json\/wp\/v2\/tags?post=12366"}],"curies":[{"name":"wp","href":"https:\/\/api.w.org\/{rel}","templated":true}]}}