{"id":12431,"date":"2024-09-26T16:37:10","date_gmt":"2024-09-26T22:37:10","guid":{"rendered":"https:\/\/cronicadesoledad.com\/?p=12431"},"modified":"2024-09-26T16:37:11","modified_gmt":"2024-09-26T22:37:11","slug":"mas-apoyos-para-grupos-vulnerables-en-soledad","status":"publish","type":"post","link":"https:\/\/cronicadesoledad.com\/index.php\/2024\/09\/26\/mas-apoyos-para-grupos-vulnerables-en-soledad\/","title":{"rendered":"M\u00e1s apoyos para grupos vulnerables en Soledad"},"content":{"rendered":"\n<p>La Senadora Ruth Gonz\u00e1lez Silva afirm\u00f3 que los grupos vulnerables de Soledad de Graciano S\u00e1nchez seguir\u00e1n recibiendo apoyo a trav\u00e9s de programas sociales, impulsados por el Sistema Estatal para el Desarrollo Integral de la Familia (DIF), y adelant\u00f3 que nuevos proyectos gestionados a nivel federal est\u00e1n por llegar. La senadora destac\u00f3 que estos esfuerzos, que comenzaron durante su gesti\u00f3n en el DIF Estatal, seguir\u00e1n impactando positivamente en la comunidad.<\/p>\n\n\n\n<p>Uno de los programas clave mencionados por Gonz\u00e1lez Silva fue la entrega de kits menstruales, que ha permitido a mujeres de todas las edades acceder a productos de higiene, contribuyendo a mejorar su bienestar. Adem\u00e1s, resalt\u00f3 la importancia de los desayunos escolares, que han beneficiado a 215 escuelas en el municipio, llegando a m\u00e1s de 48 mil ni\u00f1os y ni\u00f1as, lo que ha ayudado a combatir la desnutrici\u00f3n infantil y fomentar h\u00e1bitos alimenticios saludables.<\/p>\n\n\n\n<p>El programa de Becas Alimentarias tambi\u00e9n fue destacado por la senadora, quien subray\u00f3 que m\u00e1s de 30 mil familias de Soledad de Graciano S\u00e1nchez han mejorado su seguridad alimentaria gracias a este apoyo. Adem\u00e1s, asegur\u00f3 que estos beneficios, ofrecidos de manera gratuita, han sido un alivio importante para la econom\u00eda familiar en la regi\u00f3n.<\/p>\n\n\n\n<p>Ahora desde el Senado, Gonz\u00e1lez Silva reafirm\u00f3 su compromiso de seguir trabajando en la implementaci\u00f3n de m\u00e1s programas para fortalecer la seguridad social y apoyar a los sectores vulnerables de Soledad y del estado de San Luis Potos\u00ed.<\/p>\n","protected":false},"excerpt":{"rendered":"<p>La Senadora Ruth Gonz\u00e1lez Silva afirm\u00f3 que los grupos vulnerables de Soledad de Graciano S\u00e1nchez seguir\u00e1n recibiendo apoyo a trav\u00e9s de programas sociales, impulsados por el Sistema Estatal para el Desarrollo Integral de la Familia (DIF), y adelant\u00f3 que nuevos proyectos gestionados a nivel federal est\u00e1n por llegar. La senadora destac\u00f3 que estos esfuerzos, que [&hellip;]<\/p>\n","protected":false},"author":2,"featured_media":12432,"comment_status":"open","ping_status":"open","sticky":false,"template":"","format":"standard","meta":{"footnotes":""},"categories":[1,24],"tags":[407,387,2100,2123,261,27],"class_list":{"0":"post-12431","1":"post","2":"type-post","3":"status-publish","4":"format-standard","5":"has-post-thumbnail","7":"category-destacadas","8":"category-informacion-general","9":"tag-apoyos","10":"tag-dif","11":"tag-grupos-vulnerables","12":"tag-ruth-gonzalez","13":"tag-slp","14":"tag-soledad"},"_links":{"self":[{"href":"https:\/\/cronicadesoledad.com\/index.php\/wp-json\/wp\/v2\/posts\/12431","targetHints":{"allow":["GET"]}}],"collection":[{"href":"https:\/\/cronicadesoledad.com\/index.php\/wp-json\/wp\/v2\/posts"}],"about":[{"href":"https:\/\/cronicadesoledad.com\/index.php\/wp-json\/wp\/v2\/types\/post"}],"author":[{"embeddable":true,"href":"https:\/\/cronicadesoledad.com\/index.php\/wp-json\/wp\/v2\/users\/2"}],"replies":[{"embeddable":true,"href":"https:\/\/cronicadesoledad.com\/index.php\/wp-json\/wp\/v2\/comments?post=12431"}],"version-history":[{"count":1,"href":"https:\/\/cronicadesoledad.com\/index.php\/wp-json\/wp\/v2\/posts\/12431\/revisions"}],"predecessor-version":[{"id":12433,"href":"https:\/\/cronicadesoledad.com\/index.php\/wp-json\/wp\/v2\/posts\/12431\/revisions\/12433"}],"wp:featuredmedia":[{"embeddable":true,"href":"https:\/\/cronicadesoledad.com\/index.php\/wp-json\/wp\/v2\/media\/12432"}],"wp:attachment":[{"href":"https:\/\/cronicadesoledad.com\/index.php\/wp-json\/wp\/v2\/media?parent=12431"}],"wp:term":[{"taxonomy":"category","embeddable":true,"href":"https:\/\/cronicadesoledad.com\/index.php\/wp-json\/wp\/v2\/categories?post=12431"},{"taxonomy":"post_tag","embeddable":true,"href":"https:\/\/cronicadesoledad.com\/index.php\/wp-json\/wp\/v2\/tags?post=12431"}],"curies":[{"name":"wp","href":"https:\/\/api.w.org\/{rel}","templated":true}]}}