{"id":12465,"date":"2024-09-29T19:05:39","date_gmt":"2024-09-30T01:05:39","guid":{"rendered":"https:\/\/cronicadesoledad.com\/?p=12465"},"modified":"2024-09-29T19:05:39","modified_gmt":"2024-09-30T01:05:39","slug":"soledad-impulsa-a-emprendedores-durante-el-ultimo-ano","status":"publish","type":"post","link":"https:\/\/cronicadesoledad.com\/index.php\/2024\/09\/29\/soledad-impulsa-a-emprendedores-durante-el-ultimo-ano\/","title":{"rendered":"Soledad impulsa a emprendedores durante el \u00faltimo a\u00f1o"},"content":{"rendered":"\n<p>El municipio de Soledad de Graciano S\u00e1nchez ha experimentado un importante avance en el apoyo a emprendedores durante el \u00faltimo a\u00f1o. M\u00e1s de 5,700 peque\u00f1os negocios y emprendedores se beneficiaron de las iniciativas promovidas por el Ayuntamiento, enfocadas en fortalecer la econom\u00eda local y promover productos artesanales y comerciales.<\/p>\n\n\n\n<p>A trav\u00e9s de 38 ediciones de la &#8220;Expo Emprendedores&#8221;, se ofrecieron espacios para que los participantes exhibieran y vendieran sus productos. Este tipo de eventos ha sido clave para aumentar la visibilidad de los emprendedores, brind\u00e1ndoles oportunidades de crecimiento y consolidaci\u00f3n en el mercado local.<\/p>\n\n\n\n<p>Adem\u00e1s, 326 emprendedores participaron en talleres del programa &#8220;Mercadito de Emprendedores&#8221;, donde recibieron capacitaci\u00f3n y asesor\u00eda para acceder a financiamiento a trav\u00e9s del Sistema de Financiamiento para el Desarrollo del Estado (SIFIDE). Esto ha permitido que muchos de ellos puedan formalizar sus negocios y expandir sus actividades comerciales.<\/p>\n\n\n\n<p>El Ayuntamiento tambi\u00e9n facilit\u00f3 la realizaci\u00f3n de diversas ferias y festividades comerciales, como la Expo Navidad, la Feria del Juguete, y la Feria Nacional de la Enchilada. Estos eventos no solo dinamizaron la econom\u00eda local, sino que tambi\u00e9n contribuyeron a fortalecer el tejido social y cultural del municipio, ofreciendo a los comerciantes oportunidades de venta en momentos clave del a\u00f1o.<\/p>\n","protected":false},"excerpt":{"rendered":"<p>El municipio de Soledad de Graciano S\u00e1nchez ha experimentado un importante avance en el apoyo a emprendedores durante el \u00faltimo a\u00f1o. M\u00e1s de 5,700 peque\u00f1os negocios y emprendedores se beneficiaron de las iniciativas promovidas por el Ayuntamiento, enfocadas en fortalecer la econom\u00eda local y promover productos artesanales y comerciales. A trav\u00e9s de 38 ediciones de [&hellip;]<\/p>\n","protected":false},"author":2,"featured_media":12466,"comment_status":"open","ping_status":"open","sticky":false,"template":"","format":"standard","meta":{"footnotes":""},"categories":[1,24],"tags":[1206,2758,167,2362,261,27],"class_list":{"0":"post-12465","1":"post","2":"type-post","3":"status-publish","4":"format-standard","5":"has-post-thumbnail","7":"category-destacadas","8":"category-informacion-general","9":"tag-emprendedores","10":"tag-expo-emprendedores","11":"tag-mercadito-de-emprendedores","12":"tag-municipio","13":"tag-slp","14":"tag-soledad"},"_links":{"self":[{"href":"https:\/\/cronicadesoledad.com\/index.php\/wp-json\/wp\/v2\/posts\/12465","targetHints":{"allow":["GET"]}}],"collection":[{"href":"https:\/\/cronicadesoledad.com\/index.php\/wp-json\/wp\/v2\/posts"}],"about":[{"href":"https:\/\/cronicadesoledad.com\/index.php\/wp-json\/wp\/v2\/types\/post"}],"author":[{"embeddable":true,"href":"https:\/\/cronicadesoledad.com\/index.php\/wp-json\/wp\/v2\/users\/2"}],"replies":[{"embeddable":true,"href":"https:\/\/cronicadesoledad.com\/index.php\/wp-json\/wp\/v2\/comments?post=12465"}],"version-history":[{"count":1,"href":"https:\/\/cronicadesoledad.com\/index.php\/wp-json\/wp\/v2\/posts\/12465\/revisions"}],"predecessor-version":[{"id":12467,"href":"https:\/\/cronicadesoledad.com\/index.php\/wp-json\/wp\/v2\/posts\/12465\/revisions\/12467"}],"wp:featuredmedia":[{"embeddable":true,"href":"https:\/\/cronicadesoledad.com\/index.php\/wp-json\/wp\/v2\/media\/12466"}],"wp:attachment":[{"href":"https:\/\/cronicadesoledad.com\/index.php\/wp-json\/wp\/v2\/media?parent=12465"}],"wp:term":[{"taxonomy":"category","embeddable":true,"href":"https:\/\/cronicadesoledad.com\/index.php\/wp-json\/wp\/v2\/categories?post=12465"},{"taxonomy":"post_tag","embeddable":true,"href":"https:\/\/cronicadesoledad.com\/index.php\/wp-json\/wp\/v2\/tags?post=12465"}],"curies":[{"name":"wp","href":"https:\/\/api.w.org\/{rel}","templated":true}]}}