{"id":12496,"date":"2024-10-07T03:40:00","date_gmt":"2024-10-07T09:40:00","guid":{"rendered":"https:\/\/cronicadesoledad.com\/?p=12496"},"modified":"2024-10-06T21:59:23","modified_gmt":"2024-10-07T03:59:23","slug":"juan-manuel-navarro-rinde-protesta-en-soledad","status":"publish","type":"post","link":"https:\/\/cronicadesoledad.com\/index.php\/2024\/10\/07\/juan-manuel-navarro-rinde-protesta-en-soledad\/","title":{"rendered":"Navarro Mu\u00f1iz, presidente municipal 2024 &#8211; 2027"},"content":{"rendered":"\n<p>El pasado martes, Juan Manuel Navarro Mu\u00f1iz asumi\u00f3 la presidencia municipal de Soledad de Graciano S\u00e1nchez en una ceremonia acompa\u00f1ada por la senadora Ruth Gonz\u00e1lez Silva y el gobernador Ricardo Gallardo Cardona. Durante la primera sesi\u00f3n de Cabildo, Navarro Mu\u00f1iz rindi\u00f3 protesta junto a las y los integrantes del H. Cabildo, subrayando su compromiso con la seguridad y los servicios municipales.<\/p>\n\n\n\n<p>En su discurso, el alcalde prometi\u00f3 un gobierno enfocado en resolver los problemas de la comunidad, destacando la incorporaci\u00f3n de m\u00e1s elementos de seguridad y patrullas, reforzando su enfoque en la cercan\u00eda con la poblaci\u00f3n y en soluciones efectivas.<\/p>\n\n\n\n<p>Navarro Mu\u00f1iz tambi\u00e9n se comprometi\u00f3 a impulsar objetivos ambiciosos para posicionar a Soledad como un referente estatal. Se\u00f1al\u00f3 que la administraci\u00f3n no perder\u00e1 tiempo en corregir problemas y acelerar la transformaci\u00f3n del municipio, enfoc\u00e1ndose en un gobierno m\u00e1s eficiente y cercano a la ciudadan\u00eda.<\/p>\n\n\n\n<p>&#8220;Queremos un municipio m\u00e1s limpio, servidores p\u00fablicos m\u00e1s eficientes y m\u00e1s cercanos a la gente. Queremos que nuestros j\u00f3venes tengan m\u00e1s opciones de estudio, m\u00e1s espacios recreativos, m\u00e1s seguridad, y una ciudad m\u00e1s moderna&#8221;, se\u00f1al\u00f3, en otra de sus declaraciones a lo largo de su discurso.<\/p>\n\n\n\n<p>&#8220;Queremos y merecemos todo esto porque los soledenses somos protagonistas en la historia de San Luis Potos\u00ed&#8221;, afirm\u00f3.<\/p>\n\n\n\n<p>Entre sus promesas destac\u00f3 la implementaci\u00f3n del transporte p\u00fablico gratuito hacia la capital y mejoras en salud y movilidad. Adem\u00e1s, record\u00f3 el origen del movimiento social en Soledad en 2009, liderado por Ricardo Gallardo, como base de la transformaci\u00f3n que su gobierno pretende consolidar.<\/p>\n","protected":false},"excerpt":{"rendered":"<p>El pasado martes, Juan Manuel Navarro Mu\u00f1iz asumi\u00f3 la presidencia municipal de Soledad de Graciano S\u00e1nchez en una ceremonia acompa\u00f1ada por la senadora Ruth Gonz\u00e1lez Silva y el gobernador Ricardo Gallardo Cardona. Durante la primera sesi\u00f3n de Cabildo, Navarro Mu\u00f1iz rindi\u00f3 protesta junto a las y los integrantes del H. Cabildo, subrayando su compromiso con [&hellip;]<\/p>\n","protected":false},"author":2,"featured_media":12497,"comment_status":"open","ping_status":"open","sticky":false,"template":"","format":"standard","meta":{"footnotes":""},"categories":[1,24,21],"tags":[2214,177,2123,294,27,2764],"class_list":{"0":"post-12496","1":"post","2":"type-post","3":"status-publish","4":"format-standard","5":"has-post-thumbnail","7":"category-destacadas","8":"category-informacion-general","9":"category-tu-soledad","10":"tag-juan-manuel-navaroo-muniz","11":"tag-ricardo-gallardo","12":"tag-ruth-gonzalez","13":"tag-san-luis","14":"tag-soledad","15":"tag-toma-de-protesta"},"_links":{"self":[{"href":"https:\/\/cronicadesoledad.com\/index.php\/wp-json\/wp\/v2\/posts\/12496","targetHints":{"allow":["GET"]}}],"collection":[{"href":"https:\/\/cronicadesoledad.com\/index.php\/wp-json\/wp\/v2\/posts"}],"about":[{"href":"https:\/\/cronicadesoledad.com\/index.php\/wp-json\/wp\/v2\/types\/post"}],"author":[{"embeddable":true,"href":"https:\/\/cronicadesoledad.com\/index.php\/wp-json\/wp\/v2\/users\/2"}],"replies":[{"embeddable":true,"href":"https:\/\/cronicadesoledad.com\/index.php\/wp-json\/wp\/v2\/comments?post=12496"}],"version-history":[{"count":4,"href":"https:\/\/cronicadesoledad.com\/index.php\/wp-json\/wp\/v2\/posts\/12496\/revisions"}],"predecessor-version":[{"id":12548,"href":"https:\/\/cronicadesoledad.com\/index.php\/wp-json\/wp\/v2\/posts\/12496\/revisions\/12548"}],"wp:featuredmedia":[{"embeddable":true,"href":"https:\/\/cronicadesoledad.com\/index.php\/wp-json\/wp\/v2\/media\/12497"}],"wp:attachment":[{"href":"https:\/\/cronicadesoledad.com\/index.php\/wp-json\/wp\/v2\/media?parent=12496"}],"wp:term":[{"taxonomy":"category","embeddable":true,"href":"https:\/\/cronicadesoledad.com\/index.php\/wp-json\/wp\/v2\/categories?post=12496"},{"taxonomy":"post_tag","embeddable":true,"href":"https:\/\/cronicadesoledad.com\/index.php\/wp-json\/wp\/v2\/tags?post=12496"}],"curies":[{"name":"wp","href":"https:\/\/api.w.org\/{rel}","templated":true}]}}