{"id":12609,"date":"2024-10-09T19:00:00","date_gmt":"2024-10-10T01:00:00","guid":{"rendered":"https:\/\/cronicadesoledad.com\/?p=12609"},"modified":"2024-10-09T18:09:32","modified_gmt":"2024-10-10T00:09:32","slug":"soledad-resaltara-la-tradicion-del-xantolo","status":"publish","type":"post","link":"https:\/\/cronicadesoledad.com\/index.php\/2024\/10\/09\/soledad-resaltara-la-tradicion-del-xantolo\/","title":{"rendered":"Soledad resaltar\u00e1 la tradici\u00f3n del Xantolo"},"content":{"rendered":"\n<p>Para fomentar las tradiciones locales, el Ayuntamiento de Soledad de Graciano S\u00e1nchez se prepara para la celebraci\u00f3n de D\u00eda de Muertos, con una serie de actividades que se llevar\u00e1n a cabo del 25 de octubre al 1 de noviembre, en las que por cuarto a\u00f1o consecutivo se difundir\u00e1n las tradiciones de nuestro Estado, como la festividad del Xantolo, que representa la identidad cultural de la regi\u00f3n Huasteca.<\/p>\n\n\n\n<p>Este a\u00f1o, se realizar\u00e1 la cuarta edici\u00f3n del altar monumental, que tendr\u00e1 una tem\u00e1tica completamente Huasteca, mismo que ser\u00e1 instalado en la Plaza principal, que ser\u00e1 un punto de encuentro para la comunidad y visitantes, donde podr\u00e1n disfrutar de la m\u00fasica, gastronom\u00eda y danzas que caracterizan esta celebraci\u00f3n.<\/p>\n\n\n\n<p>El domingo 27 de octubre, Soledad de Graciano S\u00e1nchez se vestir\u00e1 de color, con el tradicional desfile de D\u00eda de Muertos, en el que participar\u00e1n comparsas integradas por el ballet folcl\u00f3rico del Teatro y grupos como el de la Coordinaci\u00f3n de Atenci\u00f3n a Adultos Mayores, as\u00ed como estudiantes de diversos planteles del municipio; as\u00ed mismo, se contar\u00e1 con la participaci\u00f3n de familias huastecas que habitan en este municipio, quienes mostraran su tradici\u00f3n uni\u00e9ndose a las comparsas de huehues.<\/p>\n\n\n\n<p>Adem\u00e1s, habr\u00e1 presentaciones de tr\u00edos de m\u00fasica huasteca y ceremonias que enriquecer\u00e1n la experiencia cultural de las y los asistentes, haciendo de esta celebraci\u00f3n un evento memorable.<\/p>\n\n\n\n<p>A partir del 28 de octubre, la Direcci\u00f3n del Teatro y Centro Cultural \u201cDoroteo Arango\u201d se unir\u00e1 a las festividades con un ciclo de cine de terror que se presentar\u00e1 cada jueves hasta el 1 de noviembre, y matin\u00e9s los domingos a las 12 del mediod\u00eda, con pel\u00edculas dirigidas tanto a adultos como a ni\u00f1os, como &#8220;Mal\u00e9fica&#8221;, &#8220;Coraline&#8221;, &#8220;Coco&#8221; y &#8220;El libro de la vida&#8221;, todos con entrada gratuita.<\/p>\n\n\n\n<p>Adem\u00e1s, se realizar\u00e1n actividades en diferentes colonias y panteones del municipio para promover los altares de D\u00eda de Muertos y las tradiciones, con la finalidad de fomentar entre las familias soledenses las costumbres locales, y el respeto hacia nuestras tradiciones.<\/p>\n","protected":false},"excerpt":{"rendered":"<p>Para fomentar las tradiciones locales, el Ayuntamiento de Soledad de Graciano S\u00e1nchez se prepara para la celebraci\u00f3n de D\u00eda de Muertos, con una serie de actividades que se llevar\u00e1n a cabo del 25 de octubre al 1 de noviembre, en las que por cuarto a\u00f1o consecutivo se difundir\u00e1n las tradiciones de nuestro Estado, como la [&hellip;]<\/p>\n","protected":false},"author":2,"featured_media":12612,"comment_status":"open","ping_status":"open","sticky":false,"template":"","format":"standard","meta":{"footnotes":""},"categories":[1,24,21],"tags":[223,334,2791,294,261,27,2790,451],"class_list":{"0":"post-12609","1":"post","2":"type-post","3":"status-publish","4":"format-standard","5":"has-post-thumbnail","7":"category-destacadas","8":"category-informacion-general","9":"category-tu-soledad","10":"tag-ayuntamiento-soledense","11":"tag-cultura","12":"tag-dia-de-muertos-3","13":"tag-san-luis","14":"tag-slp","15":"tag-soledad","16":"tag-tradicion","17":"tag-xantolo"},"_links":{"self":[{"href":"https:\/\/cronicadesoledad.com\/index.php\/wp-json\/wp\/v2\/posts\/12609","targetHints":{"allow":["GET"]}}],"collection":[{"href":"https:\/\/cronicadesoledad.com\/index.php\/wp-json\/wp\/v2\/posts"}],"about":[{"href":"https:\/\/cronicadesoledad.com\/index.php\/wp-json\/wp\/v2\/types\/post"}],"author":[{"embeddable":true,"href":"https:\/\/cronicadesoledad.com\/index.php\/wp-json\/wp\/v2\/users\/2"}],"replies":[{"embeddable":true,"href":"https:\/\/cronicadesoledad.com\/index.php\/wp-json\/wp\/v2\/comments?post=12609"}],"version-history":[{"count":1,"href":"https:\/\/cronicadesoledad.com\/index.php\/wp-json\/wp\/v2\/posts\/12609\/revisions"}],"predecessor-version":[{"id":12614,"href":"https:\/\/cronicadesoledad.com\/index.php\/wp-json\/wp\/v2\/posts\/12609\/revisions\/12614"}],"wp:featuredmedia":[{"embeddable":true,"href":"https:\/\/cronicadesoledad.com\/index.php\/wp-json\/wp\/v2\/media\/12612"}],"wp:attachment":[{"href":"https:\/\/cronicadesoledad.com\/index.php\/wp-json\/wp\/v2\/media?parent=12609"}],"wp:term":[{"taxonomy":"category","embeddable":true,"href":"https:\/\/cronicadesoledad.com\/index.php\/wp-json\/wp\/v2\/categories?post=12609"},{"taxonomy":"post_tag","embeddable":true,"href":"https:\/\/cronicadesoledad.com\/index.php\/wp-json\/wp\/v2\/tags?post=12609"}],"curies":[{"name":"wp","href":"https:\/\/api.w.org\/{rel}","templated":true}]}}