{"id":12621,"date":"2024-10-11T19:50:39","date_gmt":"2024-10-12T01:50:39","guid":{"rendered":"https:\/\/cronicadesoledad.com\/?p=12621"},"modified":"2024-10-11T19:50:39","modified_gmt":"2024-10-12T01:50:39","slug":"reafirma-navarro-muniz-compromiso-con-el-bienestar-de-las-mujeres","status":"publish","type":"post","link":"https:\/\/cronicadesoledad.com\/index.php\/2024\/10\/11\/reafirma-navarro-muniz-compromiso-con-el-bienestar-de-las-mujeres\/","title":{"rendered":"Reafirma Navarro Mu\u00f1iz compromiso con el bienestar de las mujeres"},"content":{"rendered":"\n<p>Este viernes, el Alcalde de Soledad de Graciano S\u00e1nchez, Juan Manuel Navarro Mu\u00f1iz sostuvo una primera reuni\u00f3n con la titular del Instituto de las Mujeres del Estado (IMES), Gloria Serrato S\u00e1nchez, en la que se concretaron acuerdos trascendentales para la garant\u00eda del bienestar y derechos de las mujeres, como parte del compromiso de velar por su integridad y fomentar una vida libre de violencia.<\/p>\n\n\n\n<p>El acercamiento estableci\u00f3 una s\u00f3lida colaboraci\u00f3n enfocada en la atenci\u00f3n y prevenci\u00f3n de la violencia de g\u00e9nero, as\u00ed como en el empoderamiento y fortalecimiento de las capacidades de las mujeres soledenses, afirm\u00f3 el edil, quien destac\u00f3 la importancia de trabajar de la mano con el IMES para atender la declaratoria de alerta de violencia de g\u00e9nero.<\/p>\n\n\n\n<p>&#8220;Estamos comprometidos a garantizar a las mujeres una vida libre de violencia, no solo en el discurso, sino tambi\u00e9n a trav\u00e9s de acciones concretas que fortalecer\u00e1n nuestras instituciones y mejorar\u00e1n la atenci\u00f3n que brindamos a este sector de la poblaci\u00f3n&#8221;, afirm\u00f3.<\/p>\n\n\n\n<p>Por su parte, Gloria Serrato expres\u00f3 su agradecimiento por la apertura del Presidente municipal: &#8220;agradezco al Alcalde por su disposici\u00f3n a hacer de este tema una prioridad, estamos concretando acciones como la reestructuraci\u00f3n del plan de trabajo para el cumplimiento de la declaratoria de alerta, adem\u00e1s de la capacitaci\u00f3n del personal de la Presidencia Municipal y la corporaci\u00f3n policiaca para mejorar la atenci\u00f3n de las mujeres&#8221;, coment\u00f3.<\/p>\n\n\n\n<p>Entre los acuerdos alcanzados, se incluy\u00f3 el fortalecimiento de la Unidad Especializada de Atenci\u00f3n a la Violencia contra las Mujeres y la implementaci\u00f3n de programas de empoderamiento que buscan ofrecer a las mujeres un proyecto de vida digno. La funcionaria estatal destac\u00f3 que, &#8220;con estas acciones que hoy concretamos, estamos seguras de que Soledad podr\u00e1 levantar la alerta, pero lo m\u00e1s importante es que existe un compromiso real para atender a las mujeres en dos v\u00edas fundamentales: el fortalecimiento y empoderamiento, as\u00ed como la atenci\u00f3n a las violencias&#8221;.<\/p>\n\n\n\n<p>El encuentro concluy\u00f3 con la promesa de seguir trabajando juntos en diversas iniciativas que permitan la recuperaci\u00f3n de espacios para las mujeres, fomentando as\u00ed su bienestar emocional y f\u00edsico, perfilando esta colaboraci\u00f3n entre el Ayuntamiento y el IMES como un paso importante hacia un Soledad m\u00e1s inclusivo y justo para todas.<\/p>\n","protected":false},"excerpt":{"rendered":"<p>Este viernes, el Alcalde de Soledad de Graciano S\u00e1nchez, Juan Manuel Navarro Mu\u00f1iz sostuvo una primera reuni\u00f3n con la titular del Instituto de las Mujeres del Estado (IMES), Gloria Serrato S\u00e1nchez, en la que se concretaron acuerdos trascendentales para la garant\u00eda del bienestar y derechos de las mujeres, como parte del compromiso de velar por [&hellip;]<\/p>\n","protected":false},"author":2,"featured_media":12622,"comment_status":"open","ping_status":"open","sticky":false,"template":"","format":"standard","meta":{"footnotes":""},"categories":[1,24,21],"tags":[223,1158,2124,294,261,27],"class_list":{"0":"post-12621","1":"post","2":"type-post","3":"status-publish","4":"format-standard","5":"has-post-thumbnail","7":"category-destacadas","8":"category-informacion-general","9":"category-tu-soledad","10":"tag-ayuntamiento-soledense","11":"tag-gobierno-del-estado","12":"tag-juan-manuel-navarro-muniz","13":"tag-san-luis","14":"tag-slp","15":"tag-soledad"},"_links":{"self":[{"href":"https:\/\/cronicadesoledad.com\/index.php\/wp-json\/wp\/v2\/posts\/12621","targetHints":{"allow":["GET"]}}],"collection":[{"href":"https:\/\/cronicadesoledad.com\/index.php\/wp-json\/wp\/v2\/posts"}],"about":[{"href":"https:\/\/cronicadesoledad.com\/index.php\/wp-json\/wp\/v2\/types\/post"}],"author":[{"embeddable":true,"href":"https:\/\/cronicadesoledad.com\/index.php\/wp-json\/wp\/v2\/users\/2"}],"replies":[{"embeddable":true,"href":"https:\/\/cronicadesoledad.com\/index.php\/wp-json\/wp\/v2\/comments?post=12621"}],"version-history":[{"count":1,"href":"https:\/\/cronicadesoledad.com\/index.php\/wp-json\/wp\/v2\/posts\/12621\/revisions"}],"predecessor-version":[{"id":12623,"href":"https:\/\/cronicadesoledad.com\/index.php\/wp-json\/wp\/v2\/posts\/12621\/revisions\/12623"}],"wp:featuredmedia":[{"embeddable":true,"href":"https:\/\/cronicadesoledad.com\/index.php\/wp-json\/wp\/v2\/media\/12622"}],"wp:attachment":[{"href":"https:\/\/cronicadesoledad.com\/index.php\/wp-json\/wp\/v2\/media?parent=12621"}],"wp:term":[{"taxonomy":"category","embeddable":true,"href":"https:\/\/cronicadesoledad.com\/index.php\/wp-json\/wp\/v2\/categories?post=12621"},{"taxonomy":"post_tag","embeddable":true,"href":"https:\/\/cronicadesoledad.com\/index.php\/wp-json\/wp\/v2\/tags?post=12621"}],"curies":[{"name":"wp","href":"https:\/\/api.w.org\/{rel}","templated":true}]}}