{"id":12688,"date":"2024-10-15T21:00:00","date_gmt":"2024-10-16T03:00:00","guid":{"rendered":"https:\/\/cronicadesoledad.com\/?p=12688"},"modified":"2024-10-15T16:09:41","modified_gmt":"2024-10-15T22:09:41","slug":"incrementan-atencion-ciudadana-vigilancia-y-servicios-en-todas-las-areas","status":"publish","type":"post","link":"https:\/\/cronicadesoledad.com\/index.php\/2024\/10\/15\/incrementan-atencion-ciudadana-vigilancia-y-servicios-en-todas-las-areas\/","title":{"rendered":"Incrementan atenci\u00f3n ciudadana, vigilancia y servicios en todas las \u00e1reas"},"content":{"rendered":"\n<p>El Ayuntamiento de Soledad de Graciano S\u00e1nchez, comprometido con la transparencia, el buen manejo de los recursos p\u00fablicos y, principalmente, una atenci\u00f3n eficiente a la poblaci\u00f3n, mantiene un programa de auditor\u00eda en todas sus dependencias para garantizar el correcto funcionamiento de las mismas, bajo la supervisi\u00f3n de la Contralor\u00eda Interna, que estableci\u00f3 mecanismos de monitoreo y fiscalizaci\u00f3n que permiten a la ciudadan\u00eda tener la certeza de que las y los servidores p\u00fablicos cumplen con sus obligaciones.<\/p>\n\n\n\n<p>Beatriz Carranza Betancourt, titular del \u00e1rea, detall\u00f3 que una de las principales herramientas de este proceso es la declaraci\u00f3n patrimonial que todas y todos los servidores p\u00fablicos deben presentar. Destac\u00f3 que durante mayo se realiza la revisi\u00f3n de las declaraciones de modificaci\u00f3n patrimonial, asegurando que cualquier variaci\u00f3n significativa en los ingresos de los servidores sea reportada de manera transparente.<\/p>\n\n\n\n<p>Destac\u00f3 que el seguimiento de estas declaraciones se realiza a trav\u00e9s de una plataforma que permite monitorear qui\u00e9nes han cumplido con su obligaci\u00f3n. \u201cLa ley es muy clara en cuanto a la obligaci\u00f3n de presentar las declaraciones patrimoniales, y nos aseguramos de que todos las y los servidores p\u00fablicos, ya sean de base, confianza u honorarios, cumplan con este requisito, estamos para asesorarlos y facilitar el proceso\u201d.<\/p>\n\n\n\n<p>La Contralor\u00eda Interna tambi\u00e9n lleva a cabo un exhaustivo programa anual de auditor\u00edas que abarca todas las \u00e1reas del municipio, mismas que se enfocan en los ingresos y egresos del Ayuntamiento, y dispuso buzones de quejas para que la ciudadan\u00eda pueda expresar sus preocupaciones o denuncias sobre la actuaci\u00f3n de sus servidores p\u00fablicos, donde todas las quejas son atendidas de manera inmediata.<\/p>\n\n\n\n<p>La atenci\u00f3n a estas quejas se da de manera continua durante todo el a\u00f1o, siguiendo la instrucci\u00f3n del Alcalde, Juan Manuel Navarro de que las oficinas permanezcan abiertas y los servidores p\u00fablicos est\u00e9n disponibles para ofrecer soluciones r\u00e1pidas y efectivas, demostrando que la rendici\u00f3n de cuentas y la atenci\u00f3n a la ciudadan\u00eda son prioridades fundamentales para su gesti\u00f3n.<\/p>\n","protected":false},"excerpt":{"rendered":"<p>El Ayuntamiento de Soledad de Graciano S\u00e1nchez, comprometido con la transparencia, el buen manejo de los recursos p\u00fablicos y, principalmente, una atenci\u00f3n eficiente a la poblaci\u00f3n, mantiene un programa de auditor\u00eda en todas sus dependencias para garantizar el correcto funcionamiento de las mismas, bajo la supervisi\u00f3n de la Contralor\u00eda Interna, que estableci\u00f3 mecanismos de monitoreo [&hellip;]<\/p>\n","protected":false},"author":2,"featured_media":12689,"comment_status":"open","ping_status":"open","sticky":false,"template":"","format":"standard","meta":{"footnotes":""},"categories":[24,21],"tags":[2807,2808,223,294,2770,261,27,447],"class_list":{"0":"post-12688","1":"post","2":"type-post","3":"status-publish","4":"format-standard","5":"has-post-thumbnail","7":"category-informacion-general","8":"category-tu-soledad","9":"tag-areas","10":"tag-atencion-ciudadana-2","11":"tag-ayuntamiento-soledense","12":"tag-san-luis","13":"tag-servicios","14":"tag-slp","15":"tag-soledad","16":"tag-vigilancia"},"_links":{"self":[{"href":"https:\/\/cronicadesoledad.com\/index.php\/wp-json\/wp\/v2\/posts\/12688","targetHints":{"allow":["GET"]}}],"collection":[{"href":"https:\/\/cronicadesoledad.com\/index.php\/wp-json\/wp\/v2\/posts"}],"about":[{"href":"https:\/\/cronicadesoledad.com\/index.php\/wp-json\/wp\/v2\/types\/post"}],"author":[{"embeddable":true,"href":"https:\/\/cronicadesoledad.com\/index.php\/wp-json\/wp\/v2\/users\/2"}],"replies":[{"embeddable":true,"href":"https:\/\/cronicadesoledad.com\/index.php\/wp-json\/wp\/v2\/comments?post=12688"}],"version-history":[{"count":1,"href":"https:\/\/cronicadesoledad.com\/index.php\/wp-json\/wp\/v2\/posts\/12688\/revisions"}],"predecessor-version":[{"id":12690,"href":"https:\/\/cronicadesoledad.com\/index.php\/wp-json\/wp\/v2\/posts\/12688\/revisions\/12690"}],"wp:featuredmedia":[{"embeddable":true,"href":"https:\/\/cronicadesoledad.com\/index.php\/wp-json\/wp\/v2\/media\/12689"}],"wp:attachment":[{"href":"https:\/\/cronicadesoledad.com\/index.php\/wp-json\/wp\/v2\/media?parent=12688"}],"wp:term":[{"taxonomy":"category","embeddable":true,"href":"https:\/\/cronicadesoledad.com\/index.php\/wp-json\/wp\/v2\/categories?post=12688"},{"taxonomy":"post_tag","embeddable":true,"href":"https:\/\/cronicadesoledad.com\/index.php\/wp-json\/wp\/v2\/tags?post=12688"}],"curies":[{"name":"wp","href":"https:\/\/api.w.org\/{rel}","templated":true}]}}