{"id":12698,"date":"2024-10-16T14:00:00","date_gmt":"2024-10-16T20:00:00","guid":{"rendered":"https:\/\/cronicadesoledad.com\/?p=12698"},"modified":"2024-10-16T13:24:51","modified_gmt":"2024-10-16T19:24:51","slug":"incrementa-el-transito-de-camiones-de-carga-pesada-en-calles-de-soledad","status":"publish","type":"post","link":"https:\/\/cronicadesoledad.com\/index.php\/2024\/10\/16\/incrementa-el-transito-de-camiones-de-carga-pesada-en-calles-de-soledad\/","title":{"rendered":"Incrementa el tr\u00e1nsito de camiones de carga pesada en calles de Soledad"},"content":{"rendered":"\n<p>El titular de la Direcci\u00f3n de Tr\u00e1nsito y Seguridad Vial de Soledad de Graciano S\u00e1nchez, Miguel \u00c1ngel Hern\u00e1ndez Hern\u00e1ndez, ha informado sobre el aumento en la circulaci\u00f3n de camiones de carga pesada en vialidades no autorizadas, contraviniendo el reglamento local y poniendo en riesgo la seguridad vial.<\/p>\n\n\n\n<p>Los veh\u00edculos de carga deben transitar por v\u00edas espec\u00edficas, como los carriles laterales, para evitar el deterioro de las calles y garantizar la seguridad de los conductores y peatones. Sin embargo, el uso de GPS que no contempla las restricciones locales est\u00e1 dirigiendo a los transportistas por rutas indebidas, lo que ha generado un incremento en estos incidentes.<\/p>\n\n\n\n<p>Ante esta situaci\u00f3n, la Direcci\u00f3n de Tr\u00e1nsito ha anunciado que implementar\u00e1 operativos de vigilancia para sancionar a los conductores que no respeten las normativas. Las multas y la posible detenci\u00f3n de veh\u00edculos ser\u00e1n parte de las medidas que buscan resolver este problema. Adem\u00e1s, se espera la instalaci\u00f3n de dispositivos que ayuden a monitorear y controlar mejor el tr\u00e1nsito de estos camiones.<\/p>\n","protected":false},"excerpt":{"rendered":"<p>El titular de la Direcci\u00f3n de Tr\u00e1nsito y Seguridad Vial de Soledad de Graciano S\u00e1nchez, Miguel \u00c1ngel Hern\u00e1ndez Hern\u00e1ndez, ha informado sobre el aumento en la circulaci\u00f3n de camiones de carga pesada en vialidades no autorizadas, contraviniendo el reglamento local y poniendo en riesgo la seguridad vial. Los veh\u00edculos de carga deben transitar por v\u00edas [&hellip;]<\/p>\n","protected":false},"author":2,"featured_media":12699,"comment_status":"open","ping_status":"open","sticky":false,"template":"","format":"standard","meta":{"footnotes":""},"categories":[1,24],"tags":[1428,2813,2812,2814,294,27,2129],"class_list":{"0":"post-12698","1":"post","2":"type-post","3":"status-publish","4":"format-standard","5":"has-post-thumbnail","7":"category-destacadas","8":"category-informacion-general","9":"tag-calles","10":"tag-camiones","11":"tag-incremento","12":"tag-prohibido","13":"tag-san-luis","14":"tag-soledad","15":"tag-transito-2"},"_links":{"self":[{"href":"https:\/\/cronicadesoledad.com\/index.php\/wp-json\/wp\/v2\/posts\/12698","targetHints":{"allow":["GET"]}}],"collection":[{"href":"https:\/\/cronicadesoledad.com\/index.php\/wp-json\/wp\/v2\/posts"}],"about":[{"href":"https:\/\/cronicadesoledad.com\/index.php\/wp-json\/wp\/v2\/types\/post"}],"author":[{"embeddable":true,"href":"https:\/\/cronicadesoledad.com\/index.php\/wp-json\/wp\/v2\/users\/2"}],"replies":[{"embeddable":true,"href":"https:\/\/cronicadesoledad.com\/index.php\/wp-json\/wp\/v2\/comments?post=12698"}],"version-history":[{"count":1,"href":"https:\/\/cronicadesoledad.com\/index.php\/wp-json\/wp\/v2\/posts\/12698\/revisions"}],"predecessor-version":[{"id":12700,"href":"https:\/\/cronicadesoledad.com\/index.php\/wp-json\/wp\/v2\/posts\/12698\/revisions\/12700"}],"wp:featuredmedia":[{"embeddable":true,"href":"https:\/\/cronicadesoledad.com\/index.php\/wp-json\/wp\/v2\/media\/12699"}],"wp:attachment":[{"href":"https:\/\/cronicadesoledad.com\/index.php\/wp-json\/wp\/v2\/media?parent=12698"}],"wp:term":[{"taxonomy":"category","embeddable":true,"href":"https:\/\/cronicadesoledad.com\/index.php\/wp-json\/wp\/v2\/categories?post=12698"},{"taxonomy":"post_tag","embeddable":true,"href":"https:\/\/cronicadesoledad.com\/index.php\/wp-json\/wp\/v2\/tags?post=12698"}],"curies":[{"name":"wp","href":"https:\/\/api.w.org\/{rel}","templated":true}]}}