{"id":12701,"date":"2024-10-16T21:17:27","date_gmt":"2024-10-17T03:17:27","guid":{"rendered":"https:\/\/cronicadesoledad.com\/?p=12701"},"modified":"2024-10-16T21:17:44","modified_gmt":"2024-10-17T03:17:44","slug":"rehabilitacion-del-valle-de-los-fantasmas-una-obra-de-desarrollo-y-bienestar-vecinos","status":"publish","type":"post","link":"https:\/\/cronicadesoledad.com\/index.php\/2024\/10\/16\/rehabilitacion-del-valle-de-los-fantasmas-una-obra-de-desarrollo-y-bienestar-vecinos\/","title":{"rendered":"Rehabilitaci\u00f3n del Valle de los Fantasmas, una obra de desarrollo y bienestar: vecinos"},"content":{"rendered":"\n<p>El reciente arranque de la obra de rehabilitaci\u00f3n de la lateral del Bulevar Valle de los Fantasmas, por parte del Gobernador del Estado, Ricardo Gallardo Cardona y el Alcalde, Juan Manuel Navarro, traer\u00e1 beneficios trascendentales para las y los vecinos de las colonias Rivas Guill\u00e9n Norte y Sur, y Hogares Ferrocarrileros y otras \u00e1reas aleda\u00f1as, quienes tienen una clara confianza de mejora en la movilidad y la calidad de vida en la zona.<\/p>\n\n\n\n<p>Luc\u00eda Gait\u00e1n, vecina de Hogares Ferrocarrileros segunda secci\u00f3n, destac\u00f3 que la remodelaci\u00f3n que se llevar\u00e1 a cabo beneficiar\u00e1 tambi\u00e9n a toda la poblaci\u00f3n que transita por esa ruta. &#8220;Nos beneficia demasiado porque los camiones pasan por arriba de la carretera, y a veces tenemos que esperar de 20 a 40 minutos debido a las malas condiciones de la v\u00eda&#8221;, dijo.<\/p>\n\n\n\n<p>Este proyecto, que implica una inversi\u00f3n cercana a los 10 millones de pesos, incluye trabajos de bacheo profundo, fresado de pavimento, renivelaci\u00f3n de pozos de visita y la colocaci\u00f3n de se\u00f1al\u00e9tica, con lo que se busca mejorar la movilidad peatonal como vehicular.<\/p>\n\n\n\n<p>Carmen Ju\u00e1rez, otra vecina de la zona, expres\u00f3 que el bacheo de las calles es fundamental, ya que la situaci\u00f3n actual ha dificultado el tr\u00e1nsito de veh\u00edculos y peatones: &#8220;nos va a beneficiar much\u00edsimo porque ya hac\u00eda falta el bacheo, ya que ha sido un problema constante&#8221;.<\/p>\n\n\n\n<p>Por su parte, Mar\u00eda Margarita Salazar, tambi\u00e9n residente de la zona, a\u00f1adi\u00f3 que espera que las mejoras permitan una circulaci\u00f3n m\u00e1s segura y c\u00f3moda: &#8220;esta obra nos ayudar\u00e1 a esperar tranquilamente sin tener que lidiar con tanta tierra y encharcamientos, que son muy comunes aqu\u00ed&#8221;.<\/p>\n\n\n\n<p>Mar\u00eda Felicitas G\u00f3mez, vecina de Rivas Guill\u00e9n Sur, tambi\u00e9n destac\u00f3 que esta obra era una petici\u00f3n ciudadana de hace mucho tiempo: &#8220;Me parece muy bien esta obra, aunque vivo en Rivas Guill\u00e9n, paso por aqu\u00ed y cuando llueve se pone muy feo, esperamos que sigan haciendo m\u00e1s trabajos as\u00ed.&#8221;<\/p>\n\n\n\n<p>El reencarpetamiento del Bulevar Valle de los Fantasmas mejorar\u00e1 las condiciones de tr\u00e1nsito y la calidad de vida de las y los habitantes de estas colonias, y reducir\u00e1 su tiempo de traslado, proporcionando as\u00ed mayor seguridad para las familias que diariamente circulan por esta ruta.<\/p>\n\n\n\n<p><\/p>\n","protected":false},"excerpt":{"rendered":"<p>El reciente arranque de la obra de rehabilitaci\u00f3n de la lateral del Bulevar Valle de los Fantasmas, por parte del Gobernador del Estado, Ricardo Gallardo Cardona y el Alcalde, Juan Manuel Navarro, traer\u00e1 beneficios trascendentales para las y los vecinos de las colonias Rivas Guill\u00e9n Norte y Sur, y Hogares Ferrocarrileros y otras \u00e1reas aleda\u00f1as, [&hellip;]<\/p>\n","protected":false},"author":2,"featured_media":12702,"comment_status":"open","ping_status":"open","sticky":false,"template":"","format":"standard","meta":{"footnotes":""},"categories":[24,21],"tags":[223,1158,279,294,261,27,1915,2815],"class_list":{"0":"post-12701","1":"post","2":"type-post","3":"status-publish","4":"format-standard","5":"has-post-thumbnail","7":"category-informacion-general","8":"category-tu-soledad","9":"tag-ayuntamiento-soledense","10":"tag-gobierno-del-estado","11":"tag-obras","12":"tag-san-luis","13":"tag-slp","14":"tag-soledad","15":"tag-valle-de-los-fantasmas","16":"tag-vecinos"},"_links":{"self":[{"href":"https:\/\/cronicadesoledad.com\/index.php\/wp-json\/wp\/v2\/posts\/12701","targetHints":{"allow":["GET"]}}],"collection":[{"href":"https:\/\/cronicadesoledad.com\/index.php\/wp-json\/wp\/v2\/posts"}],"about":[{"href":"https:\/\/cronicadesoledad.com\/index.php\/wp-json\/wp\/v2\/types\/post"}],"author":[{"embeddable":true,"href":"https:\/\/cronicadesoledad.com\/index.php\/wp-json\/wp\/v2\/users\/2"}],"replies":[{"embeddable":true,"href":"https:\/\/cronicadesoledad.com\/index.php\/wp-json\/wp\/v2\/comments?post=12701"}],"version-history":[{"count":2,"href":"https:\/\/cronicadesoledad.com\/index.php\/wp-json\/wp\/v2\/posts\/12701\/revisions"}],"predecessor-version":[{"id":12704,"href":"https:\/\/cronicadesoledad.com\/index.php\/wp-json\/wp\/v2\/posts\/12701\/revisions\/12704"}],"wp:featuredmedia":[{"embeddable":true,"href":"https:\/\/cronicadesoledad.com\/index.php\/wp-json\/wp\/v2\/media\/12702"}],"wp:attachment":[{"href":"https:\/\/cronicadesoledad.com\/index.php\/wp-json\/wp\/v2\/media?parent=12701"}],"wp:term":[{"taxonomy":"category","embeddable":true,"href":"https:\/\/cronicadesoledad.com\/index.php\/wp-json\/wp\/v2\/categories?post=12701"},{"taxonomy":"post_tag","embeddable":true,"href":"https:\/\/cronicadesoledad.com\/index.php\/wp-json\/wp\/v2\/tags?post=12701"}],"curies":[{"name":"wp","href":"https:\/\/api.w.org\/{rel}","templated":true}]}}