{"id":12705,"date":"2024-10-16T21:33:00","date_gmt":"2024-10-17T03:33:00","guid":{"rendered":"https:\/\/cronicadesoledad.com\/?p=12705"},"modified":"2024-10-16T21:33:00","modified_gmt":"2024-10-17T03:33:00","slug":"invitan-a-mujeres-soledenses-a-actividades-por-el-mes-rosa","status":"publish","type":"post","link":"https:\/\/cronicadesoledad.com\/index.php\/2024\/10\/16\/invitan-a-mujeres-soledenses-a-actividades-por-el-mes-rosa\/","title":{"rendered":"Invitan a mujeres soledenses a actividades por el mes rosa"},"content":{"rendered":"\n<p>El Ayuntamiento de Soledad de Graciano S\u00e1nchez, a trav\u00e9s del Sistema Municipal para el Desarrollo Integral de la Familia (DIF) y la Instancia Municipal de la Mujer, invita a todas las mujeres del municipio a participar en las actividades del Mes Rosa, enfocadas en la concientizaci\u00f3n y prevenci\u00f3n del c\u00e1ncer de mama.<\/p>\n\n\n\n<p>Del 14 al 18 de octubre, en la Plaza principal se impartir\u00e1n pl\u00e1ticas informativas, adem\u00e1s se llevar\u00e1 a cabo la entrega de tr\u00edpticos y la instalaci\u00f3n de un cub\u00edculo informativo para canalizar a las mujeres que requieran mastograf\u00edas (para aquellas con 40 a\u00f1os de edad cumplidos) y ultrasonidos (para menores de 40 a\u00f1os con antecedentes familiares de c\u00e1ncer), a trav\u00e9s de la Unidad de Especialidades M\u00e9dicas en Oncolog\u00eda (UNEME) del Hospital General de Soledad.<\/p>\n\n\n\n<p>El 16 de octubre, en el mismo espacio, se ofrecer\u00e1 una pl\u00e1tica de autocuidado y prevenci\u00f3n del c\u00e1ncer de mama, dirigida a funcionarias p\u00fablicas y poblaci\u00f3n en general, coordinada por la UNEME, esta actividad se repetir\u00e1 hasta el 18 de octubre en las instalaciones del Dif Municipal para enfatizar la importancia del autocuidado.<\/p>\n\n\n\n<p>El 17 de octubre de 9:00 de la ma\u00f1ana a 02:00 de la tarde, se realizar\u00e1 una Feria de Salud en la Plaza principal, donde se ofrecer\u00e1n servicios de autoexploraci\u00f3n y ex\u00e1menes de Papanicolau, en colaboraci\u00f3n con el DIF Estatal y los Servicios de Salud del Gobierno del Estado, dirigida a todas las mujeres, desde los 18 a\u00f1os de la edad en adelante.<\/p>\n\n\n\n<p>Pilar Cardona Reyna, presidenta del DIF Municipal, se\u00f1al\u00f3 que la meta es llegar a la mayor cantidad de personas posible y ofrecerles las herramientas necesarias para cuidar su salud: \u201cEs primordial que las mujeres de Soledad se acerquen a los servicios que estamos ofreciendo, el c\u00e1ncer de mama es prevenible si actuamos a tiempo, y queremos que todas se sientan apoyadas y acompa\u00f1adas en este proceso\u201d.<\/p>\n\n\n\n<p>Por su parte, Mar\u00eda Alicia Mart\u00ednez Rodr\u00edguez, titular de la Instancia de la Mujer, detall\u00f3 que estas pl\u00e1ticas son una oportunidad para aprender sobre el autocuidado y prevenir esta enfermedad: \u201cQueremos que las mujeres de Soledad tomen el control de su salud, buscamos crear conciencia y ofrecerles las herramientas necesarias para prevenir el c\u00e1ncer de mama, la prevenci\u00f3n puede marcar la diferencia\u201d finaliz\u00f3.<\/p>\n","protected":false},"excerpt":{"rendered":"<p>El Ayuntamiento de Soledad de Graciano S\u00e1nchez, a trav\u00e9s del Sistema Municipal para el Desarrollo Integral de la Familia (DIF) y la Instancia Municipal de la Mujer, invita a todas las mujeres del municipio a participar en las actividades del Mes Rosa, enfocadas en la concientizaci\u00f3n y prevenci\u00f3n del c\u00e1ncer de mama. Del 14 al [&hellip;]<\/p>\n","protected":false},"author":2,"featured_media":12706,"comment_status":"open","ping_status":"open","sticky":false,"template":"","format":"standard","meta":{"footnotes":""},"categories":[24,21],"tags":[223,450,392,269,294,261,27],"class_list":{"0":"post-12705","1":"post","2":"type-post","3":"status-publish","4":"format-standard","5":"has-post-thumbnail","7":"category-informacion-general","8":"category-tu-soledad","9":"tag-ayuntamiento-soledense","10":"tag-feria-de-la-salud","11":"tag-mes-rosa","12":"tag-salud","13":"tag-san-luis","14":"tag-slp","15":"tag-soledad"},"_links":{"self":[{"href":"https:\/\/cronicadesoledad.com\/index.php\/wp-json\/wp\/v2\/posts\/12705","targetHints":{"allow":["GET"]}}],"collection":[{"href":"https:\/\/cronicadesoledad.com\/index.php\/wp-json\/wp\/v2\/posts"}],"about":[{"href":"https:\/\/cronicadesoledad.com\/index.php\/wp-json\/wp\/v2\/types\/post"}],"author":[{"embeddable":true,"href":"https:\/\/cronicadesoledad.com\/index.php\/wp-json\/wp\/v2\/users\/2"}],"replies":[{"embeddable":true,"href":"https:\/\/cronicadesoledad.com\/index.php\/wp-json\/wp\/v2\/comments?post=12705"}],"version-history":[{"count":1,"href":"https:\/\/cronicadesoledad.com\/index.php\/wp-json\/wp\/v2\/posts\/12705\/revisions"}],"predecessor-version":[{"id":12707,"href":"https:\/\/cronicadesoledad.com\/index.php\/wp-json\/wp\/v2\/posts\/12705\/revisions\/12707"}],"wp:featuredmedia":[{"embeddable":true,"href":"https:\/\/cronicadesoledad.com\/index.php\/wp-json\/wp\/v2\/media\/12706"}],"wp:attachment":[{"href":"https:\/\/cronicadesoledad.com\/index.php\/wp-json\/wp\/v2\/media?parent=12705"}],"wp:term":[{"taxonomy":"category","embeddable":true,"href":"https:\/\/cronicadesoledad.com\/index.php\/wp-json\/wp\/v2\/categories?post=12705"},{"taxonomy":"post_tag","embeddable":true,"href":"https:\/\/cronicadesoledad.com\/index.php\/wp-json\/wp\/v2\/tags?post=12705"}],"curies":[{"name":"wp","href":"https:\/\/api.w.org\/{rel}","templated":true}]}}