{"id":12708,"date":"2024-10-16T21:39:38","date_gmt":"2024-10-17T03:39:38","guid":{"rendered":"https:\/\/cronicadesoledad.com\/?p=12708"},"modified":"2024-10-20T03:57:36","modified_gmt":"2024-10-20T09:57:36","slug":"avanza-construccion-de-nuev-uam","status":"publish","type":"post","link":"https:\/\/cronicadesoledad.com\/index.php\/2024\/10\/16\/avanza-construccion-de-nuev-uam\/","title":{"rendered":"Avanza construcci\u00f3n de nueva UAM"},"content":{"rendered":"\n<p>Cumpliendo con su compromiso con el progreso y la modernizaci\u00f3n de los servicios p\u00fablicos, el Alcalde de Soledad de Graciano S\u00e1nchez, Juan Manuel Navarro Mu\u00f1iz, supervis\u00f3 la construcci\u00f3n de la nueva Unidad Administrativa Municipal, acompa\u00f1ado por Leticia Vargas Tinajero, titular de la Secretar\u00eda de Desarrollo Urbano, Vivienda y Obras P\u00fablicas (Seduvop); ambos constataron que la obra tiene un avance importante, lo que permitir\u00e1 su inauguraci\u00f3n en los primeros meses de 2025.<\/p>\n\n\n\n<p>Con una inversi\u00f3n de 150 millones de pesos, esta nueva sede albergar\u00e1 m\u00e1s de 60 \u00e1reas del Ayuntamiento, muchas de las cuales est\u00e1n enfocadas en brindar atenci\u00f3n a la ciudadan\u00eda; al unificar los servicios en un solo lugar, se evitar\u00e1 que las y los ciudadanos tengan que trasladarse de un lado a otro para realizar sus gestiones.<\/p>\n\n\n\n<p>El Alcalde destac\u00f3 que este proyecto es hist\u00f3rico para el Ayuntamiento, ya que permitir\u00e1 facilitar los tr\u00e1mites y ofrecer condiciones dignas e id\u00f3neas para los trabajadores municipales. &#8220;Esta obra, representa nuestro compromiso de modernizar y mejorar los servicios que ofrecemos a la ciudadan\u00eda, nuestro objetivo es que cada ciudadano pueda realizar sus gestiones de manera c\u00f3moda, sin la necesidad de desplazarse de un lado a otro; juntos, estamos construyendo un Soledad m\u00e1s accesible y cercano a la gente&#8221;.<\/p>\n\n\n\n<p>La nueva Unidad Administrativa Municipal est\u00e1 ubicada en la Avenida San Jos\u00e9 y la calle San Juan, en la colonia Valle de San Isidro, una ubicaci\u00f3n estrat\u00e9gica que busca mejorar el acceso y la comodidad para los soledenses; tiene una superficie superior a los nueve mil metros cuadrados, incluye oficinas, plazas, andadores, \u00e1reas ajardinadas, estacionamiento, accesos peatonales y vehiculares, entre otras \u00e1reas.<\/p>\n","protected":false},"excerpt":{"rendered":"<p>Cumpliendo con su compromiso con el progreso y la modernizaci\u00f3n de los servicios p\u00fablicos, el Alcalde de Soledad de Graciano S\u00e1nchez, Juan Manuel Navarro Mu\u00f1iz, supervis\u00f3 la construcci\u00f3n de la nueva Unidad Administrativa Municipal, acompa\u00f1ado por Leticia Vargas Tinajero, titular de la Secretar\u00eda de Desarrollo Urbano, Vivienda y Obras P\u00fablicas (Seduvop); ambos constataron que la [&hellip;]<\/p>\n","protected":false},"author":2,"featured_media":12709,"comment_status":"open","ping_status":"open","sticky":false,"template":"","format":"standard","meta":{"footnotes":""},"categories":[24,21],"tags":[223,294,261,27,2817,1425],"class_list":{"0":"post-12708","1":"post","2":"type-post","3":"status-publish","4":"format-standard","5":"has-post-thumbnail","7":"category-informacion-general","8":"category-tu-soledad","9":"tag-ayuntamiento-soledense","10":"tag-san-luis","11":"tag-slp","12":"tag-soledad","13":"tag-uam","14":"tag-unidad-administrativa-municipal"},"_links":{"self":[{"href":"https:\/\/cronicadesoledad.com\/index.php\/wp-json\/wp\/v2\/posts\/12708","targetHints":{"allow":["GET"]}}],"collection":[{"href":"https:\/\/cronicadesoledad.com\/index.php\/wp-json\/wp\/v2\/posts"}],"about":[{"href":"https:\/\/cronicadesoledad.com\/index.php\/wp-json\/wp\/v2\/types\/post"}],"author":[{"embeddable":true,"href":"https:\/\/cronicadesoledad.com\/index.php\/wp-json\/wp\/v2\/users\/2"}],"replies":[{"embeddable":true,"href":"https:\/\/cronicadesoledad.com\/index.php\/wp-json\/wp\/v2\/comments?post=12708"}],"version-history":[{"count":3,"href":"https:\/\/cronicadesoledad.com\/index.php\/wp-json\/wp\/v2\/posts\/12708\/revisions"}],"predecessor-version":[{"id":12743,"href":"https:\/\/cronicadesoledad.com\/index.php\/wp-json\/wp\/v2\/posts\/12708\/revisions\/12743"}],"wp:featuredmedia":[{"embeddable":true,"href":"https:\/\/cronicadesoledad.com\/index.php\/wp-json\/wp\/v2\/media\/12709"}],"wp:attachment":[{"href":"https:\/\/cronicadesoledad.com\/index.php\/wp-json\/wp\/v2\/media?parent=12708"}],"wp:term":[{"taxonomy":"category","embeddable":true,"href":"https:\/\/cronicadesoledad.com\/index.php\/wp-json\/wp\/v2\/categories?post=12708"},{"taxonomy":"post_tag","embeddable":true,"href":"https:\/\/cronicadesoledad.com\/index.php\/wp-json\/wp\/v2\/tags?post=12708"}],"curies":[{"name":"wp","href":"https:\/\/api.w.org\/{rel}","templated":true}]}}