{"id":12718,"date":"2024-10-17T19:42:22","date_gmt":"2024-10-18T01:42:22","guid":{"rendered":"https:\/\/cronicadesoledad.com\/?p=12718"},"modified":"2024-10-17T19:42:23","modified_gmt":"2024-10-18T01:42:23","slug":"entrego-el-alcalde-becas-y-equipo-ortopedico-a-personas-con-discapacidad","status":"publish","type":"post","link":"https:\/\/cronicadesoledad.com\/index.php\/2024\/10\/17\/entrego-el-alcalde-becas-y-equipo-ortopedico-a-personas-con-discapacidad\/","title":{"rendered":"Entreg\u00f3 el alcalde becas y equipo ortop\u00e9dico a personas con discapacidad"},"content":{"rendered":"\n<p>En un acto que marca el inicio de una nueva estrategia de asistencia social, el Ayuntamiento de Soledad de Graciano S\u00e1nchez, a trav\u00e9s del Sistema Municipal para el Desarrollo Integral de la Familia (DIF), realiz\u00f3 la primera entrega mensual de m\u00e1s de 150 apoyos t\u00e9cnicos y econ\u00f3micos para personas con discapacidad.<\/p>\n\n\n\n<p>El evento que se llev\u00f3 a cabo en el auditorio del DIF Municipal, encabezado por la Presidenta del organismo, Mar\u00eda del Pilar Cardona Reyna, cont\u00f3 con la presencia del Alcalde Juan Manuel Navarro Mu\u00f1iz, quienes juntos hicieron entrega de 90 becas de transporte de 500 pesos, 60 paquetes de pa\u00f1ales y varias sillas de ruedas, beneficiando a m\u00e1s de 150 personas con discapacidad del municipio; estos apoyos ser\u00e1n entregados de forma mensual, garantizando una atenci\u00f3n constante a este sector vulnerable.<\/p>\n\n\n\n<p>Durante el evento, la Presidenta del DIF Municipal, Pilar Cardona Reyna, resalt\u00f3 que la prioridad es mejorar la calidad de vida de las personas con alguna discapacidad. \u201cEstos apoyos son muy necesarios para las personas que hoy son beneficiarios, y son un derecho que se debe garantizar de forma continua para todas y todos los soledenses que lo requieran&#8221;, afirm\u00f3.<\/p>\n\n\n\n<p>Por su parte, el Alcalde Juan Manuel Navarro Mu\u00f1iz enfatiz\u00f3 el compromiso del Gobierno Municipal: &#8220;este es solo el inicio de un esfuerzo continuo para incluir y apoyar a quienes m\u00e1s lo necesitan en nuestro municipio, las personas con discapacidad son una prioridad, y estamos trabajando para brindarles las herramientas que mejoren su calidad de vida&#8221;.<\/p>\n\n\n\n<p>Este esfuerzo, que representa el inicio de una nueva etapa de asistencia reafirma el compromiso de cercan\u00eda del Gobierno Municipal con los sectores m\u00e1s vulnerables y se compromete a escuchar y atender sus necesidades en movilidad, rehabilitaci\u00f3n y apoyo social.<\/p>\n","protected":false},"excerpt":{"rendered":"<p>En un acto que marca el inicio de una nueva estrategia de asistencia social, el Ayuntamiento de Soledad de Graciano S\u00e1nchez, a trav\u00e9s del Sistema Municipal para el Desarrollo Integral de la Familia (DIF), realiz\u00f3 la primera entrega mensual de m\u00e1s de 150 apoyos t\u00e9cnicos y econ\u00f3micos para personas con discapacidad. El evento que se [&hellip;]<\/p>\n","protected":false},"author":2,"featured_media":12719,"comment_status":"open","ping_status":"open","sticky":false,"template":"","format":"standard","meta":{"footnotes":""},"categories":[1,24,21],"tags":[446,223,303,2818,2124,1239,294,261,27],"class_list":{"0":"post-12718","1":"post","2":"type-post","3":"status-publish","4":"format-standard","5":"has-post-thumbnail","7":"category-destacadas","8":"category-informacion-general","9":"category-tu-soledad","10":"tag-apoyo","11":"tag-ayuntamiento-soledense","12":"tag-becas","13":"tag-equipo-ortopedico","14":"tag-juan-manuel-navarro-muniz","15":"tag-personas-con-discapacidad","16":"tag-san-luis","17":"tag-slp","18":"tag-soledad"},"_links":{"self":[{"href":"https:\/\/cronicadesoledad.com\/index.php\/wp-json\/wp\/v2\/posts\/12718","targetHints":{"allow":["GET"]}}],"collection":[{"href":"https:\/\/cronicadesoledad.com\/index.php\/wp-json\/wp\/v2\/posts"}],"about":[{"href":"https:\/\/cronicadesoledad.com\/index.php\/wp-json\/wp\/v2\/types\/post"}],"author":[{"embeddable":true,"href":"https:\/\/cronicadesoledad.com\/index.php\/wp-json\/wp\/v2\/users\/2"}],"replies":[{"embeddable":true,"href":"https:\/\/cronicadesoledad.com\/index.php\/wp-json\/wp\/v2\/comments?post=12718"}],"version-history":[{"count":1,"href":"https:\/\/cronicadesoledad.com\/index.php\/wp-json\/wp\/v2\/posts\/12718\/revisions"}],"predecessor-version":[{"id":12720,"href":"https:\/\/cronicadesoledad.com\/index.php\/wp-json\/wp\/v2\/posts\/12718\/revisions\/12720"}],"wp:featuredmedia":[{"embeddable":true,"href":"https:\/\/cronicadesoledad.com\/index.php\/wp-json\/wp\/v2\/media\/12719"}],"wp:attachment":[{"href":"https:\/\/cronicadesoledad.com\/index.php\/wp-json\/wp\/v2\/media?parent=12718"}],"wp:term":[{"taxonomy":"category","embeddable":true,"href":"https:\/\/cronicadesoledad.com\/index.php\/wp-json\/wp\/v2\/categories?post=12718"},{"taxonomy":"post_tag","embeddable":true,"href":"https:\/\/cronicadesoledad.com\/index.php\/wp-json\/wp\/v2\/tags?post=12718"}],"curies":[{"name":"wp","href":"https:\/\/api.w.org\/{rel}","templated":true}]}}