{"id":12725,"date":"2024-10-17T20:00:25","date_gmt":"2024-10-18T02:00:25","guid":{"rendered":"https:\/\/cronicadesoledad.com\/?p=12725"},"modified":"2024-10-17T20:00:26","modified_gmt":"2024-10-18T02:00:26","slug":"transito-municipal-implementa-operativo-talleres","status":"publish","type":"post","link":"https:\/\/cronicadesoledad.com\/index.php\/2024\/10\/17\/transito-municipal-implementa-operativo-talleres\/","title":{"rendered":"Tr\u00e1nsito municipal implementa &#8220;Operativo Talleres&#8221;"},"content":{"rendered":"\n<p>Derivado de la atenci\u00f3n a reportes ciudadanos y con el objetivo de mantener una adecuada circulaci\u00f3n en calles y avenidas de la demarcaci\u00f3n, la Direcci\u00f3n de Tr\u00e1nsito y Polic\u00eda Vial de Soledad de Graciano S\u00e1nchez lleva a cabo el &#8220;Operativo Talleres&#8221;, el cual mediante el Art\u00edculo 42 del Reglamento de Tr\u00e1nsito Municipal retira veh\u00edculos que son reparados en la v\u00eda p\u00fablica y sanciona a quienes brindan el servicio mec\u00e1nico, donde hasta el momento han multado a tres responsables de hacer reparaciones en calles de distintas colonias.<\/p>\n\n\n\n<p>De acuerdo con el titular del \u00e1rea, comandante Miguel \u00c1ngel Hern\u00e1ndez Hern\u00e1ndez, debido a reportes constantes de ciudadanos y conforme se verifica con recorridos de sobrevigilancia, fueron ubicados lugares en la v\u00eda p\u00fablica que eran utilizados como talleres mec\u00e1nicos, por lo que se implement\u00f3 el &#8220;Operativo Talleres&#8221; en el cual se han asegurado autom\u00f3viles e interpuesto las infracciones correspondientes a los responsables de est\u00e1s faltas en colonias como La Lomita, en Avenida San Pedro y Fresnos.<\/p>\n\n\n\n<p>La reparaci\u00f3n de autom\u00f3viles y servicios a cualquier tipo de veh\u00edculo en la v\u00eda p\u00fablica est\u00e1 prohibido dentro del Reglamento de Tr\u00e1nsito, en el Art\u00edculo 42 Fracci\u00f3n I que se\u00f1ala lo siguiente: Los propietarios de empresas, lotes de autos, talleres o cualquier giro relacionado a la compraventa o reparaci\u00f3n, no pueden tener los coches o camionetas a los que brindan servicio en las banquetas, calles, avenidas o cualquier vialidad.<\/p>\n\n\n\n<p>&#8220;Tenemos tres atenciones a reportes que nos hace la ciudadan\u00eda por esta situaci\u00f3n, primero llevamos a cabo el di\u00e1logo con los responsables de cometer la falta, les pedimos que retiren los autos y seg\u00fan sea el caso se solicita una gr\u00faa y se aseguran los veh\u00edculos, hemos tenido buen resultado pero vamos a mantener los recorridos para evitar que se presenten estas situaciones y tambi\u00e9n pedimos a la ciudadan\u00eda que nos haga saber por medio de reportes a la cabina de la corporaci\u00f3n y detectar a quien comete est\u00e1s faltas&#8221;, concluy\u00f3 el Director de Tr\u00e1nsito de Soledad.<\/p>\n","protected":false},"excerpt":{"rendered":"<p>Derivado de la atenci\u00f3n a reportes ciudadanos y con el objetivo de mantener una adecuada circulaci\u00f3n en calles y avenidas de la demarcaci\u00f3n, la Direcci\u00f3n de Tr\u00e1nsito y Polic\u00eda Vial de Soledad de Graciano S\u00e1nchez lleva a cabo el &#8220;Operativo Talleres&#8221;, el cual mediante el Art\u00edculo 42 del Reglamento de Tr\u00e1nsito Municipal retira veh\u00edculos que [&hellip;]<\/p>\n","protected":false},"author":2,"featured_media":12726,"comment_status":"open","ping_status":"open","sticky":false,"template":"","format":"standard","meta":{"footnotes":""},"categories":[24,19,21],"tags":[223,2819,294,276,261,27,2129],"class_list":{"0":"post-12725","1":"post","2":"type-post","3":"status-publish","4":"format-standard","5":"has-post-thumbnail","7":"category-informacion-general","8":"category-seguridad","9":"category-tu-soledad","10":"tag-ayuntamiento-soledense","11":"tag-operativo-talleres","12":"tag-san-luis","13":"tag-seguridad","14":"tag-slp","15":"tag-soledad","16":"tag-transito-2"},"_links":{"self":[{"href":"https:\/\/cronicadesoledad.com\/index.php\/wp-json\/wp\/v2\/posts\/12725","targetHints":{"allow":["GET"]}}],"collection":[{"href":"https:\/\/cronicadesoledad.com\/index.php\/wp-json\/wp\/v2\/posts"}],"about":[{"href":"https:\/\/cronicadesoledad.com\/index.php\/wp-json\/wp\/v2\/types\/post"}],"author":[{"embeddable":true,"href":"https:\/\/cronicadesoledad.com\/index.php\/wp-json\/wp\/v2\/users\/2"}],"replies":[{"embeddable":true,"href":"https:\/\/cronicadesoledad.com\/index.php\/wp-json\/wp\/v2\/comments?post=12725"}],"version-history":[{"count":1,"href":"https:\/\/cronicadesoledad.com\/index.php\/wp-json\/wp\/v2\/posts\/12725\/revisions"}],"predecessor-version":[{"id":12727,"href":"https:\/\/cronicadesoledad.com\/index.php\/wp-json\/wp\/v2\/posts\/12725\/revisions\/12727"}],"wp:featuredmedia":[{"embeddable":true,"href":"https:\/\/cronicadesoledad.com\/index.php\/wp-json\/wp\/v2\/media\/12726"}],"wp:attachment":[{"href":"https:\/\/cronicadesoledad.com\/index.php\/wp-json\/wp\/v2\/media?parent=12725"}],"wp:term":[{"taxonomy":"category","embeddable":true,"href":"https:\/\/cronicadesoledad.com\/index.php\/wp-json\/wp\/v2\/categories?post=12725"},{"taxonomy":"post_tag","embeddable":true,"href":"https:\/\/cronicadesoledad.com\/index.php\/wp-json\/wp\/v2\/tags?post=12725"}],"curies":[{"name":"wp","href":"https:\/\/api.w.org\/{rel}","templated":true}]}}