{"id":12760,"date":"2024-10-21T22:19:55","date_gmt":"2024-10-22T04:19:55","guid":{"rendered":"https:\/\/cronicadesoledad.com\/?p=12760"},"modified":"2024-10-21T22:19:56","modified_gmt":"2024-10-22T04:19:56","slug":"realizan-labores-de-limpieza-en-valle-de-los-fantasmas","status":"publish","type":"post","link":"https:\/\/cronicadesoledad.com\/index.php\/2024\/10\/21\/realizan-labores-de-limpieza-en-valle-de-los-fantasmas\/","title":{"rendered":"Realizan labores de limpieza en Valle de los Fantasmas"},"content":{"rendered":"\n<p>Derivado del inter\u00e9s del Alcalde, Juan Manuel Navarro Mu\u00f1iz, de intensificar el trabajo en calle para mejorar el entorno urbano y fortalecer la imagen urbana, se puso en marcha un Plan Integral de Limpieza en el Bulevar Valle de los Fantasmas, abarcando el tramo que se extiende desde el Distribuidor Vial \u201cBenito Ju\u00e1rez\u201d hasta la colonia Quintas de la Hacienda, en el que participan cuadrillas municipales y de la Secretar\u00eda de Desarrollo Urbano, Vivienda y Obra P\u00fablica (SEDUVOP).<\/p>\n\n\n\n<p>El presidente municipal, Juan Manuel Navarro Mu\u00f1iz indic\u00f3 que el compromiso de m\u00e1s de 100 trabajadores que desde hoy realizan deshierbe, recolecci\u00f3n de residuos, encalado, y poda de \u00e1rboles, tiene la finalidad de garantizar seguridad vial, cambios positivos en la imagen urbana, as\u00ed como espacios verdes e id\u00f3neos a peatones y automovilistas.<\/p>\n\n\n\n<p>Estas acciones que realiza personal de Aseo P\u00fablica, Parques y Jardines y de la dependencia estatal, que incluyen barrido manual, reci\u00e9n culminaron en la carretera a Matehuala, donde se recolectaron m\u00e1s de 40 toneladas de residuos en general, y ahora dar\u00e1n muestra de su valor en esta importante vialidad, para continuar con otras carreteras como Circuito Potos\u00ed y avenidas San Pedro, de Los Pinos, Valent\u00edn Amador, entre otras.<\/p>\n\n\n\n<p>Por \u00faltimo, el Alcalde afirm\u00f3 que el plan de limpieza forma parte de un esfuerzo integral por parte del Gobierno Municipal para mantener las m\u00e1s de 300 colonias y comunidades de Soledad en \u00f3ptimas condiciones, promoviendo una cultura de responsabilidad compartida en el cuidado del entorno, en beneficio de las y los soledenses.<\/p>\n","protected":false},"excerpt":{"rendered":"<p>Derivado del inter\u00e9s del Alcalde, Juan Manuel Navarro Mu\u00f1iz, de intensificar el trabajo en calle para mejorar el entorno urbano y fortalecer la imagen urbana, se puso en marcha un Plan Integral de Limpieza en el Bulevar Valle de los Fantasmas, abarcando el tramo que se extiende desde el Distribuidor Vial \u201cBenito Ju\u00e1rez\u201d hasta la [&hellip;]<\/p>\n","protected":false},"author":2,"featured_media":12761,"comment_status":"open","ping_status":"open","sticky":false,"template":"","format":"standard","meta":{"footnotes":""},"categories":[24,21],"tags":[223,581,294,261,27,1915],"class_list":{"0":"post-12760","1":"post","2":"type-post","3":"status-publish","4":"format-standard","5":"has-post-thumbnail","7":"category-informacion-general","8":"category-tu-soledad","9":"tag-ayuntamiento-soledense","10":"tag-limpieza","11":"tag-san-luis","12":"tag-slp","13":"tag-soledad","14":"tag-valle-de-los-fantasmas"},"_links":{"self":[{"href":"https:\/\/cronicadesoledad.com\/index.php\/wp-json\/wp\/v2\/posts\/12760","targetHints":{"allow":["GET"]}}],"collection":[{"href":"https:\/\/cronicadesoledad.com\/index.php\/wp-json\/wp\/v2\/posts"}],"about":[{"href":"https:\/\/cronicadesoledad.com\/index.php\/wp-json\/wp\/v2\/types\/post"}],"author":[{"embeddable":true,"href":"https:\/\/cronicadesoledad.com\/index.php\/wp-json\/wp\/v2\/users\/2"}],"replies":[{"embeddable":true,"href":"https:\/\/cronicadesoledad.com\/index.php\/wp-json\/wp\/v2\/comments?post=12760"}],"version-history":[{"count":1,"href":"https:\/\/cronicadesoledad.com\/index.php\/wp-json\/wp\/v2\/posts\/12760\/revisions"}],"predecessor-version":[{"id":12762,"href":"https:\/\/cronicadesoledad.com\/index.php\/wp-json\/wp\/v2\/posts\/12760\/revisions\/12762"}],"wp:featuredmedia":[{"embeddable":true,"href":"https:\/\/cronicadesoledad.com\/index.php\/wp-json\/wp\/v2\/media\/12761"}],"wp:attachment":[{"href":"https:\/\/cronicadesoledad.com\/index.php\/wp-json\/wp\/v2\/media?parent=12760"}],"wp:term":[{"taxonomy":"category","embeddable":true,"href":"https:\/\/cronicadesoledad.com\/index.php\/wp-json\/wp\/v2\/categories?post=12760"},{"taxonomy":"post_tag","embeddable":true,"href":"https:\/\/cronicadesoledad.com\/index.php\/wp-json\/wp\/v2\/tags?post=12760"}],"curies":[{"name":"wp","href":"https:\/\/api.w.org\/{rel}","templated":true}]}}