{"id":12786,"date":"2024-10-23T19:00:00","date_gmt":"2024-10-24T01:00:00","guid":{"rendered":"https:\/\/cronicadesoledad.com\/?p=12786"},"modified":"2024-10-24T00:54:22","modified_gmt":"2024-10-24T06:54:22","slug":"vecinos-de-valle-de-los-fantasmas-destacan-beneficios-con-trabajos-de-rehabilitacion","status":"publish","type":"post","link":"https:\/\/cronicadesoledad.com\/index.php\/2024\/10\/23\/vecinos-de-valle-de-los-fantasmas-destacan-beneficios-con-trabajos-de-rehabilitacion\/","title":{"rendered":"Vecinos de Valle de los Fantasmas destacan beneficios con trabajos de rehabilitaci\u00f3n"},"content":{"rendered":"\n<p>El reciente inicio de rehabilitaci\u00f3n del Bulevar Valle de los Fantasmas, impulsado por el Gobernador del Estado, Ricardo Gallardo Cardona y el Alcalde de Soledad de Graciano S\u00e1nchez, Juan Manuel Navarro Mu\u00f1iz, genera un aire de optimismo entre las y los comerciantes y residentes de la zona, hoy sus voces revelan el cambio que ya se empieza a materializar en beneficio.<\/p>\n\n\n\n<p>Esta obra, que comenz\u00f3 hace menos de 10 d\u00edas, con una inversi\u00f3n de 9 millones 965 mil pesos est\u00e1 mostrando avances significativos, que reconocen los principales beneficiarios, como Arturo Rico, comerciante de la zona quien expres\u00f3 su satisfacci\u00f3n con el inicio de los trabajos. \u201cS\u00ed, batall\u00e1bamos porque hab\u00eda bastantes baches, esta obra va a dar mejor circulaci\u00f3n; ya no batallaremos ni proveedores ni clientes para estacionarse, ya se necesitaba y gracias que se fijaron y est\u00e1n solucionando los problemas que nos benefician a todos en conjunto\u201d, apunt\u00f3.<\/p>\n\n\n\n<p>Claudia de Alba, quien vende comida en la zona, subray\u00f3 los problemas graves que enfrentaban: \u201cten\u00edamos un problema muy grande con el colapso de las alcantarillas, esto afectaba a nuestros clientes, ya que llov\u00eda y se les dificultaba llegar; ahora estamos muy contentos con esta obra porque nos va a beneficiar mucho\u201d.<\/p>\n\n\n\n<p>Otro comerciante del lugar, Guadalupe Montantes tambi\u00e9n detall\u00f3 que \u201cestaba lleno de baches y en ocasiones se inundaba hasta la banqueta cuando llov\u00eda, por los baches, los proveedores no pod\u00edan entrar; estoy seguro de que con esto va a haber m\u00e1s afluencia de veh\u00edculos y ya no habr\u00e1 inundaciones, gracias a las autoridades por el apoyo, porque ten\u00eda tiempo que lo solicit\u00e1bamos y hoy por fin nos escucharon\u201d.<\/p>\n\n\n\n<p>Hasta el momento, se han trabajado 4 mil 224 metros cuadrados en tareas de fresado y mejoramiento de terracer\u00edas, lo que marca un avance notable en tan poco tiempo, la expectativa es que esta rehabilitaci\u00f3n mejore la movilidad vehicular y peatonal, y adem\u00e1s transforme la calidad de vida para las y los soledenses.<\/p>\n\n\n\n<p>En total se intervendr\u00e1n 17 mil metros cuadrados de vialidad, que mejorar\u00e1n la movilidad vehicular y peatonal en una zona que, durante a\u00f1os, estuvo en mal estado de pavimento y las recurrentes inundaciones. Actualmente, se realizan labores de demolici\u00f3n y retiro de concreto hidr\u00e1ulico da\u00f1ado, as\u00ed como excavaci\u00f3n para la colocaci\u00f3n de una nueva base hidr\u00e1ulica, con lo que se pretende otorgar una estructura m\u00e1s duradera al pavimento.<\/p>\n","protected":false},"excerpt":{"rendered":"<p>El reciente inicio de rehabilitaci\u00f3n del Bulevar Valle de los Fantasmas, impulsado por el Gobernador del Estado, Ricardo Gallardo Cardona y el Alcalde de Soledad de Graciano S\u00e1nchez, Juan Manuel Navarro Mu\u00f1iz, genera un aire de optimismo entre las y los comerciantes y residentes de la zona, hoy sus voces revelan el cambio que ya [&hellip;]<\/p>\n","protected":false},"author":2,"featured_media":12787,"comment_status":"open","ping_status":"open","sticky":false,"template":"","format":"standard","meta":{"footnotes":""},"categories":[24,21],"tags":[223,294,261,27,1915,2815],"class_list":{"0":"post-12786","1":"post","2":"type-post","3":"status-publish","4":"format-standard","5":"has-post-thumbnail","7":"category-informacion-general","8":"category-tu-soledad","9":"tag-ayuntamiento-soledense","10":"tag-san-luis","11":"tag-slp","12":"tag-soledad","13":"tag-valle-de-los-fantasmas","14":"tag-vecinos"},"_links":{"self":[{"href":"https:\/\/cronicadesoledad.com\/index.php\/wp-json\/wp\/v2\/posts\/12786","targetHints":{"allow":["GET"]}}],"collection":[{"href":"https:\/\/cronicadesoledad.com\/index.php\/wp-json\/wp\/v2\/posts"}],"about":[{"href":"https:\/\/cronicadesoledad.com\/index.php\/wp-json\/wp\/v2\/types\/post"}],"author":[{"embeddable":true,"href":"https:\/\/cronicadesoledad.com\/index.php\/wp-json\/wp\/v2\/users\/2"}],"replies":[{"embeddable":true,"href":"https:\/\/cronicadesoledad.com\/index.php\/wp-json\/wp\/v2\/comments?post=12786"}],"version-history":[{"count":1,"href":"https:\/\/cronicadesoledad.com\/index.php\/wp-json\/wp\/v2\/posts\/12786\/revisions"}],"predecessor-version":[{"id":12788,"href":"https:\/\/cronicadesoledad.com\/index.php\/wp-json\/wp\/v2\/posts\/12786\/revisions\/12788"}],"wp:featuredmedia":[{"embeddable":true,"href":"https:\/\/cronicadesoledad.com\/index.php\/wp-json\/wp\/v2\/media\/12787"}],"wp:attachment":[{"href":"https:\/\/cronicadesoledad.com\/index.php\/wp-json\/wp\/v2\/media?parent=12786"}],"wp:term":[{"taxonomy":"category","embeddable":true,"href":"https:\/\/cronicadesoledad.com\/index.php\/wp-json\/wp\/v2\/categories?post=12786"},{"taxonomy":"post_tag","embeddable":true,"href":"https:\/\/cronicadesoledad.com\/index.php\/wp-json\/wp\/v2\/tags?post=12786"}],"curies":[{"name":"wp","href":"https:\/\/api.w.org\/{rel}","templated":true}]}}