{"id":12789,"date":"2024-10-23T20:00:00","date_gmt":"2024-10-24T02:00:00","guid":{"rendered":"https:\/\/cronicadesoledad.com\/?p=12789"},"modified":"2024-10-24T00:55:55","modified_gmt":"2024-10-24T06:55:55","slug":"alcalde-navarro-entrego-tres-unidades-de-recoleccion-de-residuos","status":"publish","type":"post","link":"https:\/\/cronicadesoledad.com\/index.php\/2024\/10\/23\/alcalde-navarro-entrego-tres-unidades-de-recoleccion-de-residuos\/","title":{"rendered":"Alcalde Navarro entreg\u00f3 tres unidades de recolecci\u00f3n de residuos"},"content":{"rendered":"\n<p>En un esfuerzo m\u00e1s por mejorar la eficiencia de los servicios p\u00fablicos b\u00e1sicos en el municipio de Soledad de Graciano S\u00e1nchez, en espec\u00edfico el de recolecci\u00f3n de residuos s\u00f3lidos urbanos, el Alcalde Juan Manuel Navarro Mu\u00f1iz entreg\u00f3 hoy tres nuevos veh\u00edculos al departamento de Aseo P\u00fablico, con una inversi\u00f3n municipal de 8 millones 299 mil pesos, con el compromiso de que las rutas de recolecci\u00f3n incrementen su frecuencia de hasta tres veces por semana.<\/p>\n\n\n\n<p>Los veh\u00edculos entregados son camiones de carga marca Volkswagen, modelo 2025, equipados con compactadores de basura de tipo carga trasera y con capacidad de 8 toneladas. Estos camiones recolectores, de 6 cilindros y transmisi\u00f3n manual, representan un importante avance para el \u00e1rea de Aseo P\u00fablico, que ahora se fortalece con un total de 15 unidades y dos camionetas de 2.5 toneladas.<\/p>\n\n\n\n<p>Durante el evento de entrega, el Alcalde expres\u00f3 su compromiso con la poblaci\u00f3n, &#8220;aparte de eso, quiero decirle a la gente de Soledad que hicimos un compromiso en el tema de recolecci\u00f3n de basura, hoy estamos dando mantenimiento y conservaci\u00f3n a todas las tolvas anteriores, hemos comprado tambi\u00e9n m\u00e1s camionetas y reforzado el personal; adem\u00e1s, mejoramos el sueldo de todos los trabajadores de aseo para que hagan su trabajo de la mejor manera&#8221;.<\/p>\n\n\n\n<p>Navarro Mu\u00f1iz aprovech\u00f3 la ocasi\u00f3n para hacer un nuevo llamado de concientizaci\u00f3n a la poblaci\u00f3n, y que eviten abandonar basura en lugares que no est\u00e1n destinados para ello, as\u00ed como respetar los d\u00edas y frecuencias de las unidades recolectoras: &#8220;Estamos trabajando en una campa\u00f1a de concientizaci\u00f3n en todas las colonias, para que la gente sepa los d\u00edas y horarios en que pasamos a recoger los residuos, hemos encontrado hasta sillones y comedores viejos obstruyendo los drenajes, lo cual genera problemas de inundaciones\u201d.<\/p>\n\n\n\n<p>Con la incorporaci\u00f3n de estas tres nuevas tolvas, la capacidad de Aseo P\u00fablico aumenta significativamente, lo que permitir\u00e1 reforzar las rutas de recolecci\u00f3n en las cerca de 300 colonias y localidades del municipio, e incrementar la frecuencia del servicio de hasta tres veces por semana en cada una de ellas, cumpli\u00e9ndose una de las l\u00edneas directoras del Gobierno de cercan\u00eda que impulsa el edil, Navarro Mu\u00f1iz.<\/p>\n","protected":false},"excerpt":{"rendered":"<p>En un esfuerzo m\u00e1s por mejorar la eficiencia de los servicios p\u00fablicos b\u00e1sicos en el municipio de Soledad de Graciano S\u00e1nchez, en espec\u00edfico el de recolecci\u00f3n de residuos s\u00f3lidos urbanos, el Alcalde Juan Manuel Navarro Mu\u00f1iz entreg\u00f3 hoy tres nuevos veh\u00edculos al departamento de Aseo P\u00fablico, con una inversi\u00f3n municipal de 8 millones 299 mil [&hellip;]<\/p>\n","protected":false},"author":2,"featured_media":12790,"comment_status":"open","ping_status":"open","sticky":false,"template":"","format":"standard","meta":{"footnotes":""},"categories":[1,24,21],"tags":[223,1391,1967,1248,294,261,27],"class_list":{"0":"post-12789","1":"post","2":"type-post","3":"status-publish","4":"format-standard","5":"has-post-thumbnail","7":"category-destacadas","8":"category-informacion-general","9":"category-tu-soledad","10":"tag-ayuntamiento-soledense","11":"tag-basura","12":"tag-juan-manuel-navarro","13":"tag-residuos","14":"tag-san-luis","15":"tag-slp","16":"tag-soledad"},"_links":{"self":[{"href":"https:\/\/cronicadesoledad.com\/index.php\/wp-json\/wp\/v2\/posts\/12789","targetHints":{"allow":["GET"]}}],"collection":[{"href":"https:\/\/cronicadesoledad.com\/index.php\/wp-json\/wp\/v2\/posts"}],"about":[{"href":"https:\/\/cronicadesoledad.com\/index.php\/wp-json\/wp\/v2\/types\/post"}],"author":[{"embeddable":true,"href":"https:\/\/cronicadesoledad.com\/index.php\/wp-json\/wp\/v2\/users\/2"}],"replies":[{"embeddable":true,"href":"https:\/\/cronicadesoledad.com\/index.php\/wp-json\/wp\/v2\/comments?post=12789"}],"version-history":[{"count":1,"href":"https:\/\/cronicadesoledad.com\/index.php\/wp-json\/wp\/v2\/posts\/12789\/revisions"}],"predecessor-version":[{"id":12791,"href":"https:\/\/cronicadesoledad.com\/index.php\/wp-json\/wp\/v2\/posts\/12789\/revisions\/12791"}],"wp:featuredmedia":[{"embeddable":true,"href":"https:\/\/cronicadesoledad.com\/index.php\/wp-json\/wp\/v2\/media\/12790"}],"wp:attachment":[{"href":"https:\/\/cronicadesoledad.com\/index.php\/wp-json\/wp\/v2\/media?parent=12789"}],"wp:term":[{"taxonomy":"category","embeddable":true,"href":"https:\/\/cronicadesoledad.com\/index.php\/wp-json\/wp\/v2\/categories?post=12789"},{"taxonomy":"post_tag","embeddable":true,"href":"https:\/\/cronicadesoledad.com\/index.php\/wp-json\/wp\/v2\/tags?post=12789"}],"curies":[{"name":"wp","href":"https:\/\/api.w.org\/{rel}","templated":true}]}}